{"id":13679,"date":"2024-02-05T14:01:35","date_gmt":"2024-02-05T13:01:35","guid":{"rendered":"http:\/\/dolinaraby.pl\/1\/?p=13679"},"modified":"2024-08-12T10:46:10","modified_gmt":"2024-08-12T08:46:10","slug":"gmina-dobczyce-wsrod-czlonkow-lgd-dolina-raby","status":"publish","type":"post","link":"http:\/\/dolinaraby.pl\/1\/gmina-dobczyce-wsrod-czlonkow-lgd-dolina-raby\/","title":{"rendered":"Gmina Dobczyce w\u015br\u00f3d cz\u0142onk\u00f3w LGD &#8222;Dolina Raby&#8221;"},"content":{"rendered":"\n<p>W dniu 1 lutego 2024 r. odby\u0142o si\u0119 oficjalne przekazanie uchwa\u0142y Zarz\u0105du LGD w sprawie przyj\u0119cia <a href=\"https:\/\/www.facebook.com\/gminadobczyce?__cft__[0]=AZUdsWjEV322Sk5nLew-nNsw1XoHt2ZvE1vSOvLRPqgQYWhZPUkBKnCh9eEUxjawuPLHpi19whJg405Hr3cgdCiHVWEHXBVtdMPhMQgcU6EaqVgA8H1ih_zQwQQejycKCjTqwXm885y5rsWFaBqcw79eN347PR48Ayk73ofe_SusTR4gHOHQf_U1IxP9Q2OS6xA&amp;__tn__=-]K-R\">Gmina i Miasto Dobczyce<\/a> do Stowarzyszenia Lokalna Grupa Dzia\u0142ania &#8222;Dolina Raby&#8221;.<\/p>\n\n\n\n<p>W zwi\u0105zku z powy\u017cszym LGD rozpocz\u0119\u0142o procedur\u0119 rozszerzenia obszaru i aktualizacji LSR. Po przyst\u0105pieniu gminy Dobczyce do Stowarzyszenia LGD b\u0119dzie skupia\u0107 8 gmin: Biskupice, Gd\u00f3w, Dobczyce, \u0141apan\u00f3w, Trzciana, \u017begocina, Nowy Wi\u015bnicz, Bochnia. Liczba mieszka\u0144c\u00f3w obszaru wyniesie blisko 100 tys.<\/p>\n\n\n\n<p>Dzi\u0119kujemy Burmistrzowi <a href=\"https:\/\/www.facebook.com\/wmtomaszsus?__cft__[0]=AZUdsWjEV322Sk5nLew-nNsw1XoHt2ZvE1vSOvLRPqgQYWhZPUkBKnCh9eEUxjawuPLHpi19whJg405Hr3cgdCiHVWEHXBVtdMPhMQgcU6EaqVgA8H1ih_zQwQQejycKCjTqwXm885y5rsWFaBqcw79eN347PR48Ayk73ofe_SusTR4gHOHQf_U1IxP9Q2OS6xA&amp;__tn__=-]K-R\">Tomasz Su\u015b &#8211; samorz\u0105dowiec<\/a> i Radzie Miejskiej za podj\u0119te decyzje i zaufanie. \u017byczymy dobrej wsp\u00f3\u0142pracy, realizacji wielu ciekawych projekt\u00f3w i wsp\u00f3lnych przedsi\u0119wzi\u0119\u0107. Niech \u015brodki kt\u00f3re Pa\u0144stwo i Pa\u0144stwa mieszka\u0144cy b\u0119d\u0105 pozyskiwa\u0107 za po\u015brednictwem LGD przyczyni\u0105 si\u0119 do jak najlepszego rozwoju obszaru Gminy Dobczyce i jej mieszka\u0144c\u00f3w.<\/p>\n\n\n\n<figure class=\"wp-block-image size-large\"><img fetchpriority=\"high\" decoding=\"async\" width=\"1024\" height=\"683\" src=\"http:\/\/dolinaraby.pl\/1\/wp-content\/uploads\/2024\/02\/6B0A7527-1024x683.jpg\" alt=\"Spotkanie Prezesa i Kierownika Biura LGD Dolina Raby z przedstawicielami Gminy Dobczyce\" class=\"wp-image-13680\" srcset=\"http:\/\/dolinaraby.pl\/1\/wp-content\/uploads\/2024\/02\/6B0A7527-1024x683.jpg 1024w, http:\/\/dolinaraby.pl\/1\/wp-content\/uploads\/2024\/02\/6B0A7527-300x200.jpg 300w, http:\/\/dolinaraby.pl\/1\/wp-content\/uploads\/2024\/02\/6B0A7527-768x512.jpg 768w, http:\/\/dolinaraby.pl\/1\/wp-content\/uploads\/2024\/02\/6B0A7527-1536x1024.jpg 1536w, http:\/\/dolinaraby.pl\/1\/wp-content\/uploads\/2024\/02\/6B0A7527-2048x1365.jpg 2048w, http:\/\/dolinaraby.pl\/1\/wp-content\/uploads\/2024\/02\/6B0A7527-1920x1280.jpg 1920w, http:\/\/dolinaraby.pl\/1\/wp-content\/uploads\/2024\/02\/6B0A7527-1170x780.jpg 1170w, http:\/\/dolinaraby.pl\/1\/wp-content\/uploads\/2024\/02\/6B0A7527-585x390.jpg 585w, http:\/\/dolinaraby.pl\/1\/wp-content\/uploads\/2024\/02\/6B0A7527-263x175.jpg 263w, http:\/\/dolinaraby.pl\/1\/wp-content\/uploads\/2024\/02\/6B0A7527-scaled.jpg 1600w\" sizes=\"(max-width: 1024px) 100vw, 1024px\" \/><figcaption class=\"wp-element-caption\">Spotkanie Prezesa i Kierownika Biura LGD Dolina Raby z przedstawicielami Gminy Dobczyce<\/figcaption><\/figure>\n\n\n\n<figure class=\"wp-block-gallery has-nested-images columns-default is-cropped wp-block-gallery-1 is-layout-flex wp-block-gallery-is-layout-flex\">\n<figure class=\"wp-block-image size-large\"><img decoding=\"async\" width=\"1017\" height=\"1024\" data-id=\"13681\" src=\"http:\/\/dolinaraby.pl\/1\/wp-content\/uploads\/2024\/02\/logo-Dobczyce-1017x1024.png\" alt=\"Logo Gminy Dobczyce\" class=\"wp-image-13681\" srcset=\"http:\/\/dolinaraby.pl\/1\/wp-content\/uploads\/2024\/02\/logo-Dobczyce-1017x1024.png 1017w, http:\/\/dolinaraby.pl\/1\/wp-content\/uploads\/2024\/02\/logo-Dobczyce-298x300.png 298w, http:\/\/dolinaraby.pl\/1\/wp-content\/uploads\/2024\/02\/logo-Dobczyce-768x774.png 768w, http:\/\/dolinaraby.pl\/1\/wp-content\/uploads\/2024\/02\/logo-Dobczyce-1525x1536.png 1525w, http:\/\/dolinaraby.pl\/1\/wp-content\/uploads\/2024\/02\/logo-Dobczyce-2033x2048.png 2033w, http:\/\/dolinaraby.pl\/1\/wp-content\/uploads\/2024\/02\/logo-Dobczyce-1920x1934.png 1920w, http:\/\/dolinaraby.pl\/1\/wp-content\/uploads\/2024\/02\/logo-Dobczyce-1170x1179.png 1170w, http:\/\/dolinaraby.pl\/1\/wp-content\/uploads\/2024\/02\/logo-Dobczyce-585x589.png 585w, http:\/\/dolinaraby.pl\/1\/wp-content\/uploads\/2024\/02\/logo-Dobczyce.png 1588w\" sizes=\"(max-width: 1017px) 100vw, 1017px\" \/><figcaption class=\"wp-element-caption\">Logo Gminy Dobczyce<\/figcaption><\/figure>\n<\/figure>\n","protected":false},"excerpt":{"rendered":"<p>W dniu 1 lutego 2024 r. odby\u0142o si\u0119 oficjalne przekazanie uchwa\u0142y Zarz\u0105du LGD w sprawie przyj\u0119cia Gmina i Miasto Dobczyce do Stowarzyszenia Lokalna Grupa Dzia\u0142ania&hellip;<\/p>\n","protected":false},"author":1,"featured_media":13680,"comment_status":"closed","ping_status":"closed","sticky":false,"template":"","format":"standard","meta":{"_monsterinsights_skip_tracking":false,"_monsterinsights_sitenote_active":false,"_monsterinsights_sitenote_note":"","_monsterinsights_sitenote_category":0,"_lmt_disableupdate":"","_lmt_disable":"","ngg_post_thumbnail":0,"footnotes":""},"categories":[7],"tags":[],"class_list":["post-13679","post","type-post","status-publish","format-standard","has-post-thumbnail","hentry","category-aktualnosci"],"_links":{"self":[{"href":"http:\/\/dolinaraby.pl\/1\/wp-json\/wp\/v2\/posts\/13679","targetHints":{"allow":["GET"]}}],"collection":[{"href":"http:\/\/dolinaraby.pl\/1\/wp-json\/wp\/v2\/posts"}],"about":[{"href":"http:\/\/dolinaraby.pl\/1\/wp-json\/wp\/v2\/types\/post"}],"author":[{"embeddable":true,"href":"http:\/\/dolinaraby.pl\/1\/wp-json\/wp\/v2\/users\/1"}],"replies":[{"embeddable":true,"href":"http:\/\/dolinaraby.pl\/1\/wp-json\/wp\/v2\/comments?post=13679"}],"version-history":[{"count":7,"href":"http:\/\/dolinaraby.pl\/1\/wp-json\/wp\/v2\/posts\/13679\/revisions"}],"predecessor-version":[{"id":14308,"href":"http:\/\/dolinaraby.pl\/1\/wp-json\/wp\/v2\/posts\/13679\/revisions\/14308"}],"wp:featuredmedia":[{"embeddable":true,"href":"http:\/\/dolinaraby.pl\/1\/wp-json\/wp\/v2\/media\/13680"}],"wp:attachment":[{"href":"http:\/\/dolinaraby.pl\/1\/wp-json\/wp\/v2\/media?parent=13679"}],"wp:term":[{"taxonomy":"category","embeddable":true,"href":"http:\/\/dolinaraby.pl\/1\/wp-json\/wp\/v2\/categories?post=13679"},{"taxonomy":"post_tag","embeddable":true,"href":"http:\/\/dolinaraby.pl\/1\/wp-json\/wp\/v2\/tags?post=13679"}],"curies":[{"name":"wp","href":"https:\/\/api.w.org\/{rel}","templated":true}]}}