{"id":14576,"date":"2024-10-18T12:54:22","date_gmt":"2024-10-18T10:54:22","guid":{"rendered":"http:\/\/dolinaraby.pl\/1\/?p=14576"},"modified":"2024-10-18T12:54:23","modified_gmt":"2024-10-18T10:54:23","slug":"nabor-na-wolne-stanowisko-pracy-2","status":"publish","type":"post","link":"http:\/\/dolinaraby.pl\/1\/nabor-na-wolne-stanowisko-pracy-2\/","title":{"rendered":"NAB\u00d3R NA WOLNE STANOWISKO PRACY"},"content":{"rendered":"\n<p>Zarz\u0105d Stowarzyszenia Lokalna Grupa Dzia\u0142ania &#8222;Dolina Raby&#8221; og\u0142asza nab\u00f3r na wolne stanowisko pracy: Pracownik ds. funduszy.<\/p>\n\n\n\n<p>Szczeg\u00f3\u0142owe informacje zawarte w og\u0142oszeniu o naborze.<\/p>\n\n\n\n<p>W przypadku pyta\u0144 prosimy o kontakt telefoniczny pod nr. tel. 14\/685 44 44.<\/p>\n\n\n\n<p>Termin z\u0142o\u017cenia dokument\u00f3w aplikacyjnych: <strong>28.10.2024r.<\/strong><\/p>\n\n\n\n<p>Dokumenty aplikacyjne do pobrania poni\u017cej:<\/p>\n\n\n\n<div class=\"wp-block-file\"><a id=\"wp-block-file--media-66572257-de2c-4c68-b375-53969b73fe61\" href=\"http:\/\/dolinaraby.pl\/1\/wp-content\/uploads\/2024\/10\/Ogloszenie-o-prace.pdf\">Og\u0142oszenie o prac\u0119<\/a><a href=\"http:\/\/dolinaraby.pl\/1\/wp-content\/uploads\/2024\/10\/Ogloszenie-o-prace.pdf\" class=\"wp-block-file__button wp-element-button\" download aria-describedby=\"wp-block-file--media-66572257-de2c-4c68-b375-53969b73fe61\">Pobierz<\/a><\/div>\n\n\n\n<div class=\"wp-block-file\"><a id=\"wp-block-file--media-6d84a3dc-fde3-42dc-ba23-c3da05459825\" href=\"http:\/\/dolinaraby.pl\/1\/wp-content\/uploads\/2024\/10\/Zgoda-na-przetwaranie-danych-osobowych.pdf\">Zgoda na przetwarzanie danych osobowych<\/a><a href=\"http:\/\/dolinaraby.pl\/1\/wp-content\/uploads\/2024\/10\/Zgoda-na-przetwaranie-danych-osobowych.pdf\" class=\"wp-block-file__button wp-element-button\" download aria-describedby=\"wp-block-file--media-6d84a3dc-fde3-42dc-ba23-c3da05459825\">Pobierz<\/a><\/div>\n\n\n\n<p><\/p>\n","protected":false},"excerpt":{"rendered":"<p>Zarz\u0105d Stowarzyszenia Lokalna Grupa Dzia\u0142ania &#8222;Dolina Raby&#8221; og\u0142asza nab\u00f3r na wolne stanowisko pracy: Pracownik ds. funduszy. Szczeg\u00f3\u0142owe informacje zawarte w og\u0142oszeniu o naborze. W przypadku&hellip;<\/p>\n","protected":false},"author":1,"featured_media":7818,"comment_status":"closed","ping_status":"closed","sticky":false,"template":"","format":"standard","meta":{"_monsterinsights_skip_tracking":false,"_monsterinsights_sitenote_active":false,"_monsterinsights_sitenote_note":"","_monsterinsights_sitenote_category":0,"_lmt_disableupdate":"","_lmt_disable":"","ngg_post_thumbnail":0,"footnotes":""},"categories":[7],"tags":[],"class_list":["post-14576","post","type-post","status-publish","format-standard","has-post-thumbnail","hentry","category-aktualnosci"],"_links":{"self":[{"href":"http:\/\/dolinaraby.pl\/1\/wp-json\/wp\/v2\/posts\/14576","targetHints":{"allow":["GET"]}}],"collection":[{"href":"http:\/\/dolinaraby.pl\/1\/wp-json\/wp\/v2\/posts"}],"about":[{"href":"http:\/\/dolinaraby.pl\/1\/wp-json\/wp\/v2\/types\/post"}],"author":[{"embeddable":true,"href":"http:\/\/dolinaraby.pl\/1\/wp-json\/wp\/v2\/users\/1"}],"replies":[{"embeddable":true,"href":"http:\/\/dolinaraby.pl\/1\/wp-json\/wp\/v2\/comments?post=14576"}],"version-history":[{"count":2,"href":"http:\/\/dolinaraby.pl\/1\/wp-json\/wp\/v2\/posts\/14576\/revisions"}],"predecessor-version":[{"id":14580,"href":"http:\/\/dolinaraby.pl\/1\/wp-json\/wp\/v2\/posts\/14576\/revisions\/14580"}],"wp:featuredmedia":[{"embeddable":true,"href":"http:\/\/dolinaraby.pl\/1\/wp-json\/wp\/v2\/media\/7818"}],"wp:attachment":[{"href":"http:\/\/dolinaraby.pl\/1\/wp-json\/wp\/v2\/media?parent=14576"}],"wp:term":[{"taxonomy":"category","embeddable":true,"href":"http:\/\/dolinaraby.pl\/1\/wp-json\/wp\/v2\/categories?post=14576"},{"taxonomy":"post_tag","embeddable":true,"href":"http:\/\/dolinaraby.pl\/1\/wp-json\/wp\/v2\/tags?post=14576"}],"curies":[{"name":"wp","href":"https:\/\/api.w.org\/{rel}","templated":true}]}}