{"id":14592,"date":"2024-11-14T12:38:51","date_gmt":"2024-11-14T11:38:51","guid":{"rendered":"http:\/\/dolinaraby.pl\/1\/?p=14592"},"modified":"2024-11-14T12:38:52","modified_gmt":"2024-11-14T11:38:52","slug":"oferta-fundacji-proaktywni","status":"publish","type":"post","link":"http:\/\/dolinaraby.pl\/1\/oferta-fundacji-proaktywni\/","title":{"rendered":"Oferta Fundacji PROAKTYWNI"},"content":{"rendered":"\n<p>Zapraszamy do zapoznania si\u0119 z  ofert\u0105 Fundacji Rozwoju Kompetencji, Przedsi\u0119biorczo\u015bci PROAKTYWNI. Zainteresowani maj\u0105 mo\u017cliwo\u015b\u0107 ubiegania si\u0119 o dofinansowanie do kurs\u00f3w i szkole\u0144. Mo\u017cliwo\u015b\u0107 dotacji na rozpocz\u0119cie dzia\u0142alno\u015bci gospodarczej. Fundacja oferuje r\u00f3wnie\u017c indywidualnie dla ka\u017cdego Uczestnika\/Uczestniczki kursy, szkolenia lub doradztwo prowadz\u0105ce do podniesienia, uzupe\u0142nienia, zmiany kwalifikacji lub kompetencji, sta\u017ce i praktyki zawodowe, po\u015brednictwo pracy oraz indywidualne doradztwo zawodowe. <\/p>\n\n\n\n<figure class=\"wp-block-gallery has-nested-images columns-default is-cropped wp-block-gallery-1 is-layout-flex wp-block-gallery-is-layout-flex\">\n<figure class=\"wp-block-image size-large\"><img fetchpriority=\"high\" decoding=\"async\" width=\"649\" height=\"910\" data-id=\"14593\" src=\"http:\/\/dolinaraby.pl\/1\/wp-content\/uploads\/2024\/11\/466668090_597620059494122_4794528200677977619_n.jpg\" alt=\"\" class=\"wp-image-14593\" srcset=\"http:\/\/dolinaraby.pl\/1\/wp-content\/uploads\/2024\/11\/466668090_597620059494122_4794528200677977619_n.jpg 649w, http:\/\/dolinaraby.pl\/1\/wp-content\/uploads\/2024\/11\/466668090_597620059494122_4794528200677977619_n-214x300.jpg 214w, http:\/\/dolinaraby.pl\/1\/wp-content\/uploads\/2024\/11\/466668090_597620059494122_4794528200677977619_n-585x820.jpg 585w\" sizes=\"(max-width: 649px) 100vw, 649px\" \/><\/figure>\n<\/figure>\n","protected":false},"excerpt":{"rendered":"<p>Zapraszamy do zapoznania si\u0119 z ofert\u0105 Fundacji Rozwoju Kompetencji, Przedsi\u0119biorczo\u015bci PROAKTYWNI. Zainteresowani maj\u0105 mo\u017cliwo\u015b\u0107 ubiegania si\u0119 o dofinansowanie do kurs\u00f3w i szkole\u0144. Mo\u017cliwo\u015b\u0107 dotacji na&hellip;<\/p>\n","protected":false},"author":1,"featured_media":14593,"comment_status":"closed","ping_status":"closed","sticky":false,"template":"","format":"standard","meta":{"_monsterinsights_skip_tracking":false,"_monsterinsights_sitenote_active":false,"_monsterinsights_sitenote_note":"","_monsterinsights_sitenote_category":0,"_lmt_disableupdate":"","_lmt_disable":"","ngg_post_thumbnail":0,"footnotes":""},"categories":[7],"tags":[],"class_list":["post-14592","post","type-post","status-publish","format-standard","has-post-thumbnail","hentry","category-aktualnosci"],"_links":{"self":[{"href":"http:\/\/dolinaraby.pl\/1\/wp-json\/wp\/v2\/posts\/14592","targetHints":{"allow":["GET"]}}],"collection":[{"href":"http:\/\/dolinaraby.pl\/1\/wp-json\/wp\/v2\/posts"}],"about":[{"href":"http:\/\/dolinaraby.pl\/1\/wp-json\/wp\/v2\/types\/post"}],"author":[{"embeddable":true,"href":"http:\/\/dolinaraby.pl\/1\/wp-json\/wp\/v2\/users\/1"}],"replies":[{"embeddable":true,"href":"http:\/\/dolinaraby.pl\/1\/wp-json\/wp\/v2\/comments?post=14592"}],"version-history":[{"count":1,"href":"http:\/\/dolinaraby.pl\/1\/wp-json\/wp\/v2\/posts\/14592\/revisions"}],"predecessor-version":[{"id":14594,"href":"http:\/\/dolinaraby.pl\/1\/wp-json\/wp\/v2\/posts\/14592\/revisions\/14594"}],"wp:featuredmedia":[{"embeddable":true,"href":"http:\/\/dolinaraby.pl\/1\/wp-json\/wp\/v2\/media\/14593"}],"wp:attachment":[{"href":"http:\/\/dolinaraby.pl\/1\/wp-json\/wp\/v2\/media?parent=14592"}],"wp:term":[{"taxonomy":"category","embeddable":true,"href":"http:\/\/dolinaraby.pl\/1\/wp-json\/wp\/v2\/categories?post=14592"},{"taxonomy":"post_tag","embeddable":true,"href":"http:\/\/dolinaraby.pl\/1\/wp-json\/wp\/v2\/tags?post=14592"}],"curies":[{"name":"wp","href":"https:\/\/api.w.org\/{rel}","templated":true}]}}