{"id":14717,"date":"2024-12-20T13:46:21","date_gmt":"2024-12-20T12:46:21","guid":{"rendered":"http:\/\/dolinaraby.pl\/1\/?p=14717"},"modified":"2024-12-20T13:55:16","modified_gmt":"2024-12-20T12:55:16","slug":"kampania-informacyjna-na-temat-glownych-zalozen-lsr","status":"publish","type":"post","link":"http:\/\/dolinaraby.pl\/1\/kampania-informacyjna-na-temat-glownych-zalozen-lsr\/","title":{"rendered":"Kampania informacyjna na temat g\u0142\u00f3wnych za\u0142o\u017ce\u0144 LSR"},"content":{"rendered":"\n<p><strong><em>KAMPANIA INFORMACYJNA NA TEMAT G\u0141\u00d3WNYCH ZA\u0141O\u017bE\u0143  LSR<\/em><\/strong><\/p>\n\n\n\n<p>Stowarzyszenie Lokalna Grupa Dzia\u0142ania \u201eDolina Raby\u201d rozpoczyna wdra\u017canie Lokalnej Strategii Rozwoju (LSR) na lata 2023-2027. B\u0119dzie ona finansowana bezpo\u015brednio w ramach nast\u0119puj\u0105cych funduszy:<\/p>\n\n\n\n<ol class=\"wp-block-list\">\n<li><strong>Europejski Fundusz Rolny na Rzecz Rozwoju Obszar\u00f3w Wiejskich realizowany w ramach Planu Strategicznego dla Wsp\u00f3lnej Polityki Rolnej 2023-2027 ( PS WPR)<\/strong><\/li>\n\n\n\n<li><strong>Europejski Fundusz Spo\u0142eczny Plus (EFS+)<\/strong><\/li>\n\n\n\n<li><strong>Europejski Fundusz Rozwoju Regionalnego (EFRR)<\/strong><\/li>\n<\/ol>\n\n\n\n<p>W ramach Lokalnej Strategii Rozwoju na lata 2023- 2027 realizowane b\u0119d\u0105 nast\u0119puj\u0105ce przedsi\u0119wzi\u0119cia:<\/p>\n\n\n\n<p>W ramach Planu Strategicznego dla Wsp\u00f3lnej Polityki Rolnej 2023-2027:<\/p>\n\n\n\n<ol style=\"list-style-type:lower-alpha\" class=\"wp-block-list\">\n<li>Rozw\u00f3j pozarolniczych funkcji gospodarstw rolnych- gospodarstwa agroturystyczne<\/li>\n\n\n\n<li>Wzmocnienie marki lokalnej KOGUTEK i produkt\u00f3w lokalnych<\/li>\n\n\n\n<li>Tworzenie wsp\u00f3\u0142pracy w ramach kr\u00f3tkich \u0142a\u0144cuch\u00f3w \u017cywno\u015bciowych<\/li>\n\n\n\n<li>Tworzenie firm bran\u017cy turystycznej i oko\u0142oturystycznej<\/li>\n\n\n\n<li>Rozw\u00f3j firm bran\u017cy turystycznej i oko\u0142oturystycznej<\/li>\n\n\n\n<li>Rozw\u00f3j organizacji NGO zajmuj\u0105cych si\u0119 lokalnymi zasobami lub \u015bwiadcz\u0105cymi us\u0142ugi na rzecz grup wymagaj\u0105cych w\u0142\u0105czenia spo\u0142ecznego<\/li>\n\n\n\n<li>Organizacja wydarze\u0144 i przedsi\u0119wzi\u0119\u0107 maj\u0105cych na celu wykorzystanie lokalnego potencja\u0142u w rozwoju lokalnym<\/li>\n\n\n\n<li>Tworzenie pozarolniczych funkcji gospodarstw rolnych \u2013 zagrody edukacyjne<\/li>\n\n\n\n<li>Infrastruktura integruj\u0105ca spo\u0142eczno\u015b\u0107 lokaln\u0105 lub zapewniaj\u0105ca bezpiecze\u0144stwo<\/li>\n\n\n\n<li>Dzia\u0142ania wspieraj\u0105ce integracj\u0119 mi\u0119dzypokoleniow\u0105 i wzmacniaj\u0105ce udzia\u0142 w \u017cyciu spo\u0142ecznym grup w niekorzystnej sytuacji<\/li>\n\n\n\n<li>Edukacja w zakresie przeciwdzia\u0142ania zmianom klimatu i ochrony \u015brodowiska i innych wyzwa\u0144 wsp\u00f3\u0142czesnego \u015bwiata<\/li>\n\n\n\n<li>Podejmowanie us\u0142ugowych lub produkcyjnych dzia\u0142alno\u015bci gospodarczych (START DG)<\/li>\n\n\n\n<li>Rozwijanie us\u0142ugowych lub produkcyjnych dzia\u0142alno\u015bci gospodarczych (ROZW\u00d3J GD)<\/li>\n<\/ol>\n\n\n\n<p>W ramach Europejskiego Funduszu Spo\u0142ecznego Plus:<\/p>\n\n\n\n<ol style=\"list-style-type:lower-alpha\" class=\"wp-block-list\">\n<li>Wsparcie dzieci i m\u0142odzie\u017cy \u2013 rozw\u00f3j pasji, zainteresowa\u0144, kondycji fizycznej i psychicznej &#8211; Dzia\u0142anie <strong>FEMP.06.22 Wsparcie us\u0142ug spo\u0142ecznych i zdrowotnych w regionie-RLKS<\/strong>, typ projektu A- tworzenie nowych oraz rozw\u00f3j ju\u017c istniej\u0105cych plac\u00f3wek wsparcia dziennego dla dzieci i m\u0142odzie\u017cy, typ projektu B- us\u0142ugi zgodne z zasad\u0105 instytucjonalizacji, w zakresie zapewnienia opieki osobom potrzebuj\u0105cym wsparcia w codziennym funkcjonowaniu, w tym ze wzgl\u0119du na wiek i us\u0142ugi w zakresie wsparcia opiekun\u00f3w nieformalnych<\/li>\n\n\n\n<li>Wsparcie funkcjonowanie os\u00f3b ze szczeg\u00f3lnymi potrzebami &#8211; Dzia\u0142anie <strong>FEMP.06.22 Wsparcie us\u0142ug spo\u0142ecznych i zdrowotnych w regionie- RLKS<\/strong>, typ projektu A- tworzenie nowych oraz rozw\u00f3j ju\u017c istniej\u0105cych plac\u00f3wek wsparcia dziennego dla dzieci i m\u0142odzie\u017cy, typ projektu B- us\u0142ugi zgodne z zasad\u0105 instytucjonalizacji, w zakresie zapewnienia opieki osobom potrzebuj\u0105cym wsparcia w codziennym funkcjonowaniu, w tym ze wzgl\u0119du na wiek i us\u0142ugi w zakresie wsparcia opiekun\u00f3w nieformalnych<\/li>\n<\/ol>\n\n\n\n<p>W ramach Europejskiego Funduszu Rozwoju:<\/p>\n\n\n\n<p>a). Tworzenie i\/ lub rozw\u00f3j infrastruktur turystycznej lub tras turystycznych &#8211; Dzia\u0142anie <strong>FEMP.06.07 RLKS Wsparcie oddolnych inicjatyw na obszarach wiejskich<\/strong> (typ projektu C- Oferta turystyczna, typ projektu D- Trasy turystyczne)<\/p>\n\n\n\n<p>b). Rozw\u00f3j infrastruktury kultury &#8211; Dzia\u0142anie <strong>FEMP.06.07 RLKS Wsparcie oddolnych inicjatyw na obszarach wiejskich<\/strong> (typ projektu A \u2013 infrastruktura kultury)<\/p>\n\n\n\n<p>Wnioski o przyznanie pomocy sk\u0142adane b\u0119d\u0105 w systemach informatycznych<\/p>\n\n\n\n<p>&#8211; w ramach Planu Strategicznego dla Wsp\u00f3lnej Polityki Rolnej- PUE\/CSOB (w kt\u00f3rym wymagany b\u0119dzie numer producenta rolnego nadany jest on przez ARiMR)<\/p>\n\n\n\n<p>&#8211; w ramach programu Fundusze Europejskie dla Ma\u0142opolski( EFRR, EFS+)- IGA (wymagany podpis elektroniczny w formacie XADES)<\/p>\n\n\n\n<p>Pierwsze nabory w ramach nowej LSR planowane s\u0105 w II kwartale 2025r.<\/p>\n\n\n\n<p>W celu uzyskania informacji i doradztwa prosimy o bezpo\u015bredni kontakt do Biura LGD \u201eDolina Raby\u201d na ul. Strzeleckiej 2G\/1, 32-700 Bochnia lub kontaktuj\u0105c si\u0119 telefonicznie pod nr. telefonu 600&nbsp;856&nbsp;618.<\/p>\n","protected":false},"excerpt":{"rendered":"<p>KAMPANIA INFORMACYJNA NA TEMAT G\u0141\u00d3WNYCH ZA\u0141O\u017bE\u0143 LSR Stowarzyszenie Lokalna Grupa Dzia\u0142ania \u201eDolina Raby\u201d rozpoczyna wdra\u017canie Lokalnej Strategii Rozwoju (LSR) na lata 2023-2027. B\u0119dzie ona finansowana&hellip;<\/p>\n","protected":false},"author":1,"featured_media":14718,"comment_status":"closed","ping_status":"closed","sticky":false,"template":"","format":"standard","meta":{"_monsterinsights_skip_tracking":false,"_monsterinsights_sitenote_active":false,"_monsterinsights_sitenote_note":"","_monsterinsights_sitenote_category":0,"_lmt_disableupdate":"","_lmt_disable":"","ngg_post_thumbnail":0,"footnotes":""},"categories":[7],"tags":[],"class_list":["post-14717","post","type-post","status-publish","format-standard","has-post-thumbnail","hentry","category-aktualnosci"],"_links":{"self":[{"href":"http:\/\/dolinaraby.pl\/1\/wp-json\/wp\/v2\/posts\/14717","targetHints":{"allow":["GET"]}}],"collection":[{"href":"http:\/\/dolinaraby.pl\/1\/wp-json\/wp\/v2\/posts"}],"about":[{"href":"http:\/\/dolinaraby.pl\/1\/wp-json\/wp\/v2\/types\/post"}],"author":[{"embeddable":true,"href":"http:\/\/dolinaraby.pl\/1\/wp-json\/wp\/v2\/users\/1"}],"replies":[{"embeddable":true,"href":"http:\/\/dolinaraby.pl\/1\/wp-json\/wp\/v2\/comments?post=14717"}],"version-history":[{"count":2,"href":"http:\/\/dolinaraby.pl\/1\/wp-json\/wp\/v2\/posts\/14717\/revisions"}],"predecessor-version":[{"id":14721,"href":"http:\/\/dolinaraby.pl\/1\/wp-json\/wp\/v2\/posts\/14717\/revisions\/14721"}],"wp:featuredmedia":[{"embeddable":true,"href":"http:\/\/dolinaraby.pl\/1\/wp-json\/wp\/v2\/media\/14718"}],"wp:attachment":[{"href":"http:\/\/dolinaraby.pl\/1\/wp-json\/wp\/v2\/media?parent=14717"}],"wp:term":[{"taxonomy":"category","embeddable":true,"href":"http:\/\/dolinaraby.pl\/1\/wp-json\/wp\/v2\/categories?post=14717"},{"taxonomy":"post_tag","embeddable":true,"href":"http:\/\/dolinaraby.pl\/1\/wp-json\/wp\/v2\/tags?post=14717"}],"curies":[{"name":"wp","href":"https:\/\/api.w.org\/{rel}","templated":true}]}}