{"id":5213,"date":"2015-03-18T22:19:22","date_gmt":"2015-03-18T21:19:22","guid":{"rendered":"http:\/\/dolinaraby.pl\/?p=5213"},"modified":"2015-03-18T22:21:27","modified_gmt":"2015-03-18T21:21:27","slug":"doposazenie-kuchni-osp-w-niezbedny-sprzet-gastronomiczny-i-organizacja-pikniku-promujacego-lokalne-produkty","status":"publish","type":"post","link":"http:\/\/dolinaraby.pl\/klon2024\/doposazenie-kuchni-osp-w-niezbedny-sprzet-gastronomiczny-i-organizacja-pikniku-promujacego-lokalne-produkty\/","title":{"rendered":"Doposa\u017cenie kuchni OSP w niezb\u0119dny sprz\u0119t gastronomiczny i organizacja pikniku promuj\u0105cego lokalne produkty"},"content":{"rendered":"<p>&#8222;Ochotnicza Stra\u017c Po\u017carna w Wi\u015bniczu Ma\u0142ym ma zaszczyt zaprosi\u0107 dru\u017cyn\u0119 stra\u017cack\u0105 &#8211; reprezentacj\u0119 Gminy do wzi\u0119cia udzia\u0142u w Konkursie Kulinarnym &#8222;Stra\u017cackie gotowanie&#8221;, organizowanym w ramach projektu PROW &#8222;Doposa\u017cenie kuchni OSP w niezb\u0119dny sprz\u0119t gastronomiczny i organizacja pikniku promuj\u0105cego lokalne produkty&#8221;. Fina\u0142 Konkursu odb\u0119dzie si\u0119 14 marca 2015 r. w Remizie Stra\u017cackiej w Wi\u015bniczu Ma\u0142ym&#8221; &#8211; tej tre\u015bci pismo wys\u0142a\u0142 zarz\u0105d jednostki do zarz\u0105d\u00f3w 6 gmin wchodz\u0105cych w sk\u0142ad LGD &#8222;Dolina Raby&#8221;.<br \/>\nHonorowy Patronat nad konkursem obj\u0119\u0142a Burmistrz Nowego Wi\u015bnicza Ma\u0142gorzata Wi\u0119ckowska, kt\u00f3ra tak\u017ce podj\u0119\u0142a si\u0119 wraz z Prezesem Zarz\u0105du Stowarzyszenia LGD &#8222;Dolina Raby Krzysztofem Kwater\u0105, miejscowym proboszczem &#8211; ks. Ryszardem Ko\u0142odziejem, Pani\u0105 Ann\u0105 Jop &#8211; nauczycielk\u0105 Zespo\u0142u Szk\u00f3\u0142 w D\u0105browicy, Panem Jackiem Tworzyd\u0142o &#8211; Firma Produkcyjno &#8211; Handlowa &#8222;ELMAK&#8221;, pe\u0142nienia obowi\u0105zk\u00f3w jurora w tym konkursie.<br \/>\nOstatecznie do rywalizacji przyst\u0105pi\u0142y reprezentacje stra\u017cak\u00f3w z trzech gmin: gospodarze (czyli Gmina Nowy Wi\u015bnicz), druhny z OSP Bytomsko &#8211; reprezentuj\u0105ce Gmin\u0119 \u017begocina oraz druhny z OSP S\u0142awkowice (Gmina Biskupice). W\u015br\u00f3d os\u00f3b przyrz\u0105dzaj\u0105cych potrawy z lokalnych produkt\u00f3w pa\u0144 by\u0142 jeden stra\u017cak &#8211; druh Krzysztof Rozum z miejscowej jednostki OSP.<br \/>\nWed\u0142ug za\u0142o\u017ce\u0144 organizator\u00f3w impreza mia\u0142a sk\u0142ada\u0107 si\u0119 z dw\u00f3ch zasadniczych cz\u0119\u015bci: gry terenowej pt. &#8222;Nasza ziemia wi\u015bnicka&#8221; przeznaczonej dla dzieci oraz wspomnianego konkursu kulinarnego. Fatalna pogoda (m\u017cawka, ch\u0142\u00f3d) sprawi\u0142y, \u017ce nie odby\u0142a si\u0119 gra terenowa, ale organizatorzy znale\u017ali wyj\u015bcie z sytuacji organizuj\u0105c spacer wirtualny po gminie oraz zabawy w jednej z sal remizy. Mo\u017cna by\u0142o pogra\u0107 w pi\u0142karzyki, rozegra\u0107 gry komputerowe.<br \/>\nCa\u0142\u0105 imprez\u0119 w roli konferansjerki prowadzi\u0142a Druhna Anita Twardosz &#8211; inicjatorka i jedna z g\u0142\u00f3wnych realizatorek projektu. Dzielnie pomaga\u0142y jej panie z Ko\u0142a Gospody\u0144 Wiejskich, kt\u00f3re zatroszczy\u0142y si\u0119 o to, aby przybyli go\u015bcie, w\u015br\u00f3d kt\u00f3rych byli m. in . radni gminni, druhowie stra\u017cacy, mieli co je\u015b\u0107 i pi\u0107. Wszyscy oczywi\u015bcie, zaraz po tym, jak komisja konkursowa dokona\u0142a spr\u00f3bowania przygotowanych na konkurs produkt\u00f3w i uda\u0142a si\u0119 na narad\u0119, mogli r\u00f3wnie\u017c degustowa\u0107 te potrawy (w tym roso\u0142y) i odda\u0107 g\u0142osy na poszczeg\u00f3lne zespo\u0142y stra\u017cackich kucharzy. Dru\u017cyna mog\u0142a sk\u0142ada\u0107 si\u0119 z 3-5 cz\u0142onk\u00f3w OSP. Jej zadaniem by\u0142o przygotowanie dw\u00f3ch konkursowych potraw wykonanych z tradycyjnych produkt\u00f3w regionu: roso\u0142u i potrawy w\u0119gierskiej.<br \/>\nJak podczas og\u0142aszania wynik\u00f3w stwierdzi\u0142a przewodnicz\u0105ca jury &#8211; Pani Burmistrz Ma\u0142gorzata Wi\u0119ckowska, poziom rywalizacji by\u0142 wyr\u00f3wnany. Wszystkie dru\u017cyny spe\u0142ni\u0142y wymagania regulaminowe. Dania podane by\u0142y estetycznie. Tylko dru\u017cyna gospodarzy przygotowa\u0142a spis u\u017cytych produkt\u00f3w, pozosta\u0142e dwie informowa\u0142y komisj\u0119 o sk\u0142adzie potraw s\u0142ownie. Do zdobycia od komisji by\u0142o 50 pkt.<br \/>\nWyniki jury: 1 miejsce: OSP Nowy Wi\u015bnicz (Wi\u015bnicz Ma\u0142y) &#8211; 46,2 pkt; 2. OSP Biskupice &#8211; 37,6 pkt; 3. OSP \u017begocina &#8211; 34,6 pkt. Wyniki publiczno\u015bci: 1. OSP Wi\u015bnicz Ma\u0142y &#8211; 41 g\u0142os\u00f3w (przeliczone na punkty = 10 pkt), 2. OSP \u017begocina &#8211; 16 g\u0142os\u00f3w (8 pkt.), 3. OSP Biskupice &#8211; 6 g\u0142os\u00f3w (6 pkt).<br \/>\nWyniki ko\u0144cowe: 1. OSP Wi\u015bnicz Ma\u0142y &#8211; 56,2 pkt (nagroda &#8211; bony o warto\u015bci 350 z\u0142); 2. OSP Biskupice &#8211; 43,6 pkt (bon 250 z\u0142), 3. OSP \u017begocina &#8211; 42,6 pkt (bon 150 z\u0142). W zwyci\u0119skiej dru\u017cynie gotowali: Renata Pawlik, Urszula Gawlikowska, Jadwiga Chodur, Katarzyna Su\u0142ek, Agnieszka Su\u0142ek, Krzysztof Rozum. Swoj\u0105 nagrod\u0119 dru\u017cyna ta postanowi\u0142a przekaza\u0107 paniom z miejscowego Ko\u0142a Gospody\u0144 Wiejskich, jako podzi\u0119kowanie za wsp\u00f3\u0142prac\u0119 i prac\u0119 na rzecz OSP Wi\u015bnicz Ma\u0142y.<br \/>\nPo zako\u0144czeniu konkursu rozpocz\u0119\u0142a si\u0119 biesiada, podczas kt\u00f3rej cz\u0119stowano r\u00f3\u017cnymi smako\u0142ykami. By\u0142a tak\u017ce okazja do rozm\u00f3w; m. in. na temat dalszych plan\u00f3w. Integracja i aktywizacja spo\u0142eczno\u015bci lokalnej &#8211; to by\u0142 jeden z cel\u00f3w tego projektu i uda\u0142o si\u0119 go zrealizowa\u0107 znakomicie. Kilka miesi\u0119cy temu powsta\u0142o w Wi\u015bniczu Ma\u0142ym Ko\u0142o Gospody\u0144 Wiejskich, kt\u00f3re od samego pocz\u0105tku znakomicie wsp\u00f3\u0142pracuje ze stra\u017cakami i pomog\u0142o wraz z nauczycielkami szko\u0142y oraz samymi stra\u017cakami w realizacji przedsi\u0119wzi\u0119cia. Druhowie wykonali wiele prac spo\u0142ecznych przy urz\u0105dzaniu kuchni: po\u0142o\u017cyli p\u0142ytki, pomalowali pomieszczenie, zainstalowali zakupione urz\u0105dzenia. Obecnie pracuj\u0105 nad urz\u0105dzeniem ko\u0142o remizy boiska sportowego. Na ten pomys\u0142 wpadli podczas ubieg\u0142orocznego festynu. Plan\u00f3w na przysz\u0142o\u015b\u0107 maj\u0105 zreszt\u0105 wi\u0119cej. Zamierzaj\u0105 ubiega\u0107 si\u0119 o w\u0142\u0105czenie do Krajowego Systemu Ratowniczo &#8211; Ga\u015bniczego. Chc\u0105 tak\u017ce zakupi\u0107 nowy samoch\u00f3d stra\u017cacki, bo obecny, cho\u0107 dobrze wyposa\u017cony, jest ju\u017c wiekowy. To przeciwie\u0144stwo do cz\u0142onk\u00f3w jednostki, za\u0142o\u017conej w 1952 roku, w\u015br\u00f3d kt\u00f3rych wielu &#8211; to ludzie m\u0142odzi. Jednostka prowadzi bowiem dwie dru\u017cyny m\u0142odzie\u017cowe, w tym kobiec\u0105 w wieku 16-18 lat, a to najlepsza gwarancja dla pomy\u015blnej przysz\u0142o\u015bci tego stowarzyszenia.<\/p>\n<p><a href=\"https:\/\/www.youtube.com\/watch?v=-ZfA0lSNMWo\">FILM Z WYDARZENIA<\/a><\/p>\n<p>Tekst i zdj\u0119cia: Tadeusz Olszewski &#8211; Przewodnicz\u0105cy Rady LGD<\/p>\n<div data-sliderid=\"70254\" id=\"penci-post-gallery__70254\" class=\"penci-post-gallery-container justified column-3\" data-height=\"150\" data-margin=\"3\"><a class=\"penci-gallery-ite item-gallery-justified\" href=\"http:\/\/dolinaraby.pl\/klon2024\/wp-content\/uploads\/2015\/03\/Dsc_0007.jpg\"><img decoding=\"async\" src=\"http:\/\/dolinaraby.pl\/klon2024\/wp-content\/uploads\/2015\/03\/Dsc_0007.jpg\" alt=\"\" title=\"Dsc_0007\"><\/a><a class=\"penci-gallery-ite item-gallery-justified\" href=\"http:\/\/dolinaraby.pl\/klon2024\/wp-content\/uploads\/2015\/03\/Dsc_0023.jpg\"><img decoding=\"async\" src=\"http:\/\/dolinaraby.pl\/klon2024\/wp-content\/uploads\/2015\/03\/Dsc_0023.jpg\" alt=\"\" title=\"Dsc_0023\"><\/a><a class=\"penci-gallery-ite item-gallery-justified\" href=\"http:\/\/dolinaraby.pl\/klon2024\/wp-content\/uploads\/2015\/03\/Dsc_0047.jpg\"><img decoding=\"async\" src=\"http:\/\/dolinaraby.pl\/klon2024\/wp-content\/uploads\/2015\/03\/Dsc_0047.jpg\" alt=\"\" title=\"Dsc_0047\"><\/a><a class=\"penci-gallery-ite item-gallery-justified\" href=\"http:\/\/dolinaraby.pl\/klon2024\/wp-content\/uploads\/2015\/03\/Dsc_0053.jpg\"><img decoding=\"async\" src=\"http:\/\/dolinaraby.pl\/klon2024\/wp-content\/uploads\/2015\/03\/Dsc_0053.jpg\" alt=\"\" title=\"Dsc_0053\"><\/a><a class=\"penci-gallery-ite item-gallery-justified\" href=\"http:\/\/dolinaraby.pl\/klon2024\/wp-content\/uploads\/2015\/03\/Dsc01083.jpg\"><img decoding=\"async\" src=\"http:\/\/dolinaraby.pl\/klon2024\/wp-content\/uploads\/2015\/03\/Dsc01083.jpg\" alt=\"\" title=\"Dsc01083\"><\/a><\/div>\n","protected":false},"excerpt":{"rendered":"<p>&#8222;Ochotnicza Stra\u017c Po\u017carna w Wi\u015bniczu Ma\u0142ym ma zaszczyt zaprosi\u0107 dru\u017cyn\u0119 stra\u017cack\u0105 &#8211; reprezentacj\u0119 Gminy do wzi\u0119cia udzia\u0142u w Konkursie Kulinarnym &#8222;Stra\u017cackie gotowanie&#8221;, organizowanym w ramach projektu PROW &#8222;Doposa\u017cenie kuchni OSP w niezb\u0119dny sprz\u0119t gastronomiczny i organizacja pikniku promuj\u0105cego lokalne produkty&#8221;. Fina\u0142 Konkursu odb\u0119dzie si\u0119 14 marca 2015 r. w Remizie Stra\u017cackiej w Wi\u015bniczu Ma\u0142ym&#8221; &#8211; tej tre\u015bci pismo wys\u0142a\u0142 zarz\u0105d jednostki do zarz\u0105d\u00f3w 6 gmin wchodz\u0105cych w sk\u0142ad LGD &#8222;Dolina Raby&#8221;. <\/p>\n","protected":false},"author":1,"featured_media":5217,"comment_status":"open","ping_status":"open","sticky":false,"template":"","format":"standard","meta":{"_monsterinsights_skip_tracking":false,"_monsterinsights_sitenote_active":false,"_monsterinsights_sitenote_note":"","_monsterinsights_sitenote_category":0,"ngg_post_thumbnail":0,"footnotes":""},"categories":[7],"tags":[],"class_list":["post-5213","post","type-post","status-publish","format-standard","has-post-thumbnail","hentry","category-aktualnosci"],"_links":{"self":[{"href":"http:\/\/dolinaraby.pl\/klon2024\/wp-json\/wp\/v2\/posts\/5213","targetHints":{"allow":["GET"]}}],"collection":[{"href":"http:\/\/dolinaraby.pl\/klon2024\/wp-json\/wp\/v2\/posts"}],"about":[{"href":"http:\/\/dolinaraby.pl\/klon2024\/wp-json\/wp\/v2\/types\/post"}],"author":[{"embeddable":true,"href":"http:\/\/dolinaraby.pl\/klon2024\/wp-json\/wp\/v2\/users\/1"}],"replies":[{"embeddable":true,"href":"http:\/\/dolinaraby.pl\/klon2024\/wp-json\/wp\/v2\/comments?post=5213"}],"version-history":[{"count":3,"href":"http:\/\/dolinaraby.pl\/klon2024\/wp-json\/wp\/v2\/posts\/5213\/revisions"}],"predecessor-version":[{"id":5221,"href":"http:\/\/dolinaraby.pl\/klon2024\/wp-json\/wp\/v2\/posts\/5213\/revisions\/5221"}],"wp:featuredmedia":[{"embeddable":true,"href":"http:\/\/dolinaraby.pl\/klon2024\/wp-json\/wp\/v2\/media\/5217"}],"wp:attachment":[{"href":"http:\/\/dolinaraby.pl\/klon2024\/wp-json\/wp\/v2\/media?parent=5213"}],"wp:term":[{"taxonomy":"category","embeddable":true,"href":"http:\/\/dolinaraby.pl\/klon2024\/wp-json\/wp\/v2\/categories?post=5213"},{"taxonomy":"post_tag","embeddable":true,"href":"http:\/\/dolinaraby.pl\/klon2024\/wp-json\/wp\/v2\/tags?post=5213"}],"curies":[{"name":"wp","href":"https:\/\/api.w.org\/{rel}","templated":true}]}}