{"id":5407,"date":"2015-05-25T14:00:12","date_gmt":"2015-05-25T12:00:12","guid":{"rendered":"http:\/\/dolinaraby.pl\/?p=5407"},"modified":"2015-05-27T11:06:45","modified_gmt":"2015-05-27T09:06:45","slug":"promocja-efektow-realizacji-prow-2007-2013-oraz-prezentacja-nowego-okresu-programowania-prow-2014-2020-zapraszamy","status":"publish","type":"post","link":"http:\/\/dolinaraby.pl\/klon2024\/promocja-efektow-realizacji-prow-2007-2013-oraz-prezentacja-nowego-okresu-programowania-prow-2014-2020-zapraszamy\/","title":{"rendered":"Promocja efekt\u00f3w realizacji PROW 2007-2013 oraz prezentacja nowego okresu programowania PROW 2014-2020 &#8211; Zapraszamy!"},"content":{"rendered":"<p>Stowarzyszenie Lokalna Grupa Dzia\u0142ania \u201eDolina Raby\u201d wsp\u00f3lnie z Forum Aktywizacji Obszar\u00f3w Wiejskich (FAOW) serdecznie zaprasza na bezp\u0142atne szkolenia pn. \u201ePromocja efekt\u00f3w realizacji PROW 2007-2013 oraz prezentacja nowego okresu programowania PROW 2014-2020\u201d.<br \/>\nData i miejsce szkolenia: 10 czerwca 2015 r. Nowy Wi\u015bnicz (sala widowiskowa Miejskiego O\u015brodka Kultury)<br \/>\nCzas trwania szkolenia od 8:45 do 14:00<br \/>\nSzkolenie skierowane jest w szczeg\u00f3lno\u015bci do: pracownik\u00f3w instytucji samorz\u0105dowych, radnych samorz\u0105dowych, cz\u0142onk\u00f3w Lokalnych Grup Dzia\u0142ania, so\u0142tys\u00f3w, lokalnych lider\u00f3w, przedstawicieli organizacji pozarz\u0105dowych, rolnik\u00f3w oraz przedsi\u0119biorc\u00f3w zainteresowanych tworzeniem lub rozwojem przedsi\u0119biorczo\u015bci na obszarach wiejskich.<\/p>\n<p>Cele Szkolenia<br \/>\n1. Poinformowanie uczestnik\u00f3w o stanie realizacji i efektach wdra\u017cania PROW 2007-2013 do roku 2015.<br \/>\n2. Przekazanie uczestnikom wiedzy z zakresu mo\u017cliwo\u015bci uzyskania wsparcia finansowego w ramach poszczeg\u00f3lnych dzia\u0142a\u0144 w nowej perspektywy finansowej PROW 2014-2020.<br \/>\n3. Zainteresowanie i zach\u0119cenie potencjalnych beneficjent\u00f3w do korzystania z r\u00f3\u017cnych instrument\u00f3w wsparcia w ramach PROW 2014-2020.<\/p>\n<p>Program Szkolenia<br \/>\n\u2022 Rejestracja uczestnik\u00f3w.<br \/>\n<span style=\"line-height: 1.5;\">\u2022 Informacja dotycz\u0105ca efekt\u00f3w realizacji Programu Rozwoju Obszar\u00f3w Wiejskich na lata 2007-2013<br \/>\n<\/span><span style=\"line-height: 1.5;\">\u2022 Przerwa kawowa.<br \/>\n<\/span><span style=\"line-height: 1.5;\">\u2022 Prezentacja dzia\u0142a\u0144 PROW 2014-2020<br \/>\n<\/span><span style=\"line-height: 1.5;\">\u2022 Om\u00f3wienie mo\u017cliwo\u015bci wsparcia finansowego w ramach poszczeg\u00f3lnych dzia\u0142a\u0144 Programu Rozwoju Obszar\u00f3w Wiejskich 2014-2020<br \/>\n<\/span><span style=\"line-height: 1.5;\">\u2022 Podsumowanie i ewaluacja szkolenia<br \/>\n<\/span><span style=\"line-height: 1.5;\">\u2022 Obiad<\/span><\/p>\n<p><a href=\"http:\/\/dolinaraby.pl\/wp-content\/uploads\/2015\/05\/Zaproszenie1.jpg\" data-rel=\"penci-gallery-image-content\" ><img fetchpriority=\"high\" decoding=\"async\" class=\"alignleft size-medium wp-image-5414\" src=\"http:\/\/dolinaraby.pl\/wp-content\/uploads\/2015\/05\/Zaproszenie1-213x300.jpg\" alt=\"Zaproszenie\" width=\"213\" height=\"300\" srcset=\"http:\/\/dolinaraby.pl\/klon2024\/wp-content\/uploads\/2015\/05\/Zaproszenie1-213x300.jpg 213w, http:\/\/dolinaraby.pl\/klon2024\/wp-content\/uploads\/2015\/05\/Zaproszenie1-727x1024.jpg 727w, http:\/\/dolinaraby.pl\/klon2024\/wp-content\/uploads\/2015\/05\/Zaproszenie1.jpg 952w\" sizes=\"(max-width: 213px) 100vw, 213px\" \/><\/a><\/p>\n<p><a href=\"http:\/\/dolinaraby.pl\/wp-content\/uploads\/2015\/05\/Program.jpg\" data-rel=\"penci-gallery-image-content\" ><img decoding=\"async\" class=\"alignleft size-medium wp-image-5408\" src=\"http:\/\/dolinaraby.pl\/wp-content\/uploads\/2015\/05\/Program-285x300.jpg\" alt=\"Program\" width=\"285\" height=\"300\" srcset=\"http:\/\/dolinaraby.pl\/klon2024\/wp-content\/uploads\/2015\/05\/Program-285x300.jpg 285w, http:\/\/dolinaraby.pl\/klon2024\/wp-content\/uploads\/2015\/05\/Program.jpg 963w\" sizes=\"(max-width: 285px) 100vw, 285px\" \/><\/a><\/p>\n","protected":false},"excerpt":{"rendered":"<p>Stowarzyszenie Lokalna Grupa Dzia\u0142ania \u201eDolina Raby\u201d wsp\u00f3lnie z Forum Aktywizacji Obszar\u00f3w Wiejskich (FAOW) serdecznie zaprasza na bezp\u0142atne szkolenia pn. \u201ePromocja efekt\u00f3w realizacji PROW 2007-2013 oraz prezentacja nowego okresu programowania PROW 2014-2020\u201d.<\/p>\n","protected":false},"author":1,"featured_media":5409,"comment_status":"open","ping_status":"open","sticky":false,"template":"","format":"standard","meta":{"_monsterinsights_skip_tracking":false,"_monsterinsights_sitenote_active":false,"_monsterinsights_sitenote_note":"","_monsterinsights_sitenote_category":0,"ngg_post_thumbnail":0,"footnotes":""},"categories":[7],"tags":[],"class_list":["post-5407","post","type-post","status-publish","format-standard","has-post-thumbnail","hentry","category-aktualnosci"],"_links":{"self":[{"href":"http:\/\/dolinaraby.pl\/klon2024\/wp-json\/wp\/v2\/posts\/5407","targetHints":{"allow":["GET"]}}],"collection":[{"href":"http:\/\/dolinaraby.pl\/klon2024\/wp-json\/wp\/v2\/posts"}],"about":[{"href":"http:\/\/dolinaraby.pl\/klon2024\/wp-json\/wp\/v2\/types\/post"}],"author":[{"embeddable":true,"href":"http:\/\/dolinaraby.pl\/klon2024\/wp-json\/wp\/v2\/users\/1"}],"replies":[{"embeddable":true,"href":"http:\/\/dolinaraby.pl\/klon2024\/wp-json\/wp\/v2\/comments?post=5407"}],"version-history":[{"count":4,"href":"http:\/\/dolinaraby.pl\/klon2024\/wp-json\/wp\/v2\/posts\/5407\/revisions"}],"predecessor-version":[{"id":5415,"href":"http:\/\/dolinaraby.pl\/klon2024\/wp-json\/wp\/v2\/posts\/5407\/revisions\/5415"}],"wp:featuredmedia":[{"embeddable":true,"href":"http:\/\/dolinaraby.pl\/klon2024\/wp-json\/wp\/v2\/media\/5409"}],"wp:attachment":[{"href":"http:\/\/dolinaraby.pl\/klon2024\/wp-json\/wp\/v2\/media?parent=5407"}],"wp:term":[{"taxonomy":"category","embeddable":true,"href":"http:\/\/dolinaraby.pl\/klon2024\/wp-json\/wp\/v2\/categories?post=5407"},{"taxonomy":"post_tag","embeddable":true,"href":"http:\/\/dolinaraby.pl\/klon2024\/wp-json\/wp\/v2\/tags?post=5407"}],"curies":[{"name":"wp","href":"https:\/\/api.w.org\/{rel}","templated":true}]}}