{"id":5451,"date":"2015-06-17T12:08:46","date_gmt":"2015-06-17T10:08:46","guid":{"rendered":"http:\/\/dolinaraby.pl\/?p=5451"},"modified":"2015-06-17T12:10:12","modified_gmt":"2015-06-17T10:10:12","slug":"panie-z-kgw-olchawa-w-krakowie-etnorok-w-malopolsce","status":"publish","type":"post","link":"http:\/\/dolinaraby.pl\/klon2024\/panie-z-kgw-olchawa-w-krakowie-etnorok-w-malopolsce\/","title":{"rendered":"Panie z KGW Olchawa w Krakowie &#8211; ETNOROK w Ma\u0142opolsce"},"content":{"rendered":"<p style=\"text-align: justify;\">W dniu 13 czerwca 2015 r. odby\u0142 si\u0119 pokaz kulinarny \u2013 przygotowanie potrawy tradycyjnej \u201eRoso\u0142u polskiego wed\u0142ug Stanis\u0142awa Czernieckiego\u201d i degustacja.\u00a0Panie z Ko\u0142a Gospody\u0144 Wiejskich z Olchawy, reprezentuj\u0105ce Stowarzyszenie LGD \u201eDolina Raby\u201d poprowadzi\u0142y warsztaty kulinarne, podczas kt\u00f3rych pokaza\u0142y jak przyrz\u0105dza si\u0119 Ros\u00f3\u0142 polski, podawany ju\u017c w XVII w. na Zamku Kmit\u00f3w i Lubomirskich w Wi\u015bniczu, wpisany na list\u0119 produkt\u00f3w tradycyjnych Ministerstwa Rolnictwa i Rozwoju Wsi.\u00a0Nast\u0119pnie odby\u0142a si\u0119 degustacja potrawy.<\/p>\n<p style=\"text-align: justify;\">Pokaz odby\u0142 si\u0119 w ramach projektu &#8211; \u00a0Czerwcowe spotkanie z kultur\u0105 pod has\u0142em \u201eStr\u00f3j Ludowy\u201d, z cyklu \u201eETNOROK w Ma\u0142opolsce\u201d w \u201eStodole Pana Tadeusza\u201d przy ul. Pana Tadeusza 6 w Krakowie (r\u00f3g ul. Nowohuckiej i ul. Pana Tadeusza).<\/p>\n<p style=\"text-align: justify;\">ETNOROK to 12 cyklicznych spotka\u0144 nawi\u0105zuj\u0105cych do kalendarza tradycyjnych obrz\u0119d\u00f3w w kulturze ludowej. Podczas ka\u017cdego z nich dzieci i doro\u015bli b\u0119d\u0105 mie\u0107 okazj\u0119 pozna\u0107 zanikaj\u0105ce tradycje regionu, uczestniczy\u0107 w warsztatach r\u0119kodzie\u0142a, zapozna\u0107 si\u0119 ze sposobem przyrz\u0105dzania i degustowa\u0107 potrawy tradycyjne z listy Ministerstwa Rolnictwa i Rozwoju Wsi. Na imprezach odbywa\u0107 si\u0119 b\u0119dzie targ swojskich produkt\u00f3w oraz wyst\u0119py zespo\u0142\u00f3w ludowych.<\/p>\n<p><a href=\"http:\/\/www.etnorok.pl\">http:\/\/www.etnorok.pl<\/a><\/p>\n<p style=\"text-align: justify;\">Wpisa\u0142: Patryk Paszkot<br \/>\nZdj\u0119cia:\u00a0Katarzyna Jankowska<br \/>\nKoordynator projektu &#8222;ETNOROK w Ma\u0142opolsce&#8221;<\/p>\n<p>&nbsp;<\/p>\n<div data-sliderid=\"28254\" id=\"penci-post-gallery__28254\" class=\"penci-post-gallery-container justified column-3\" data-height=\"150\" data-margin=\"3\"><a class=\"penci-gallery-ite item-gallery-justified\" href=\"http:\/\/dolinaraby.pl\/klon2024\/wp-content\/uploads\/2015\/06\/DSC_0875.jpg\"><img decoding=\"async\" src=\"http:\/\/dolinaraby.pl\/klon2024\/wp-content\/uploads\/2015\/06\/DSC_0875.jpg\" alt=\"\" title=\"DSC_0875\"><\/a><a class=\"penci-gallery-ite item-gallery-justified\" href=\"http:\/\/dolinaraby.pl\/klon2024\/wp-content\/uploads\/2015\/06\/IMG_2603.jpg\"><img decoding=\"async\" src=\"http:\/\/dolinaraby.pl\/klon2024\/wp-content\/uploads\/2015\/06\/IMG_2603.jpg\" alt=\"\" title=\"IMG_2603\"><\/a><a class=\"penci-gallery-ite item-gallery-justified\" href=\"http:\/\/dolinaraby.pl\/klon2024\/wp-content\/uploads\/2015\/06\/IMG_2607.jpg\"><img decoding=\"async\" src=\"http:\/\/dolinaraby.pl\/klon2024\/wp-content\/uploads\/2015\/06\/IMG_2607.jpg\" alt=\"\" title=\"IMG_2607\"><\/a><a class=\"penci-gallery-ite item-gallery-justified\" href=\"http:\/\/dolinaraby.pl\/klon2024\/wp-content\/uploads\/2015\/06\/IMG_2612.jpg\"><img decoding=\"async\" src=\"http:\/\/dolinaraby.pl\/klon2024\/wp-content\/uploads\/2015\/06\/IMG_2612.jpg\" alt=\"\" title=\"IMG_2612\"><\/a><a class=\"penci-gallery-ite item-gallery-justified\" href=\"http:\/\/dolinaraby.pl\/klon2024\/wp-content\/uploads\/2015\/06\/IMG_2616.jpg\"><img decoding=\"async\" src=\"http:\/\/dolinaraby.pl\/klon2024\/wp-content\/uploads\/2015\/06\/IMG_2616.jpg\" alt=\"\" title=\"IMG_2616\"><\/a><a class=\"penci-gallery-ite item-gallery-justified\" href=\"http:\/\/dolinaraby.pl\/klon2024\/wp-content\/uploads\/2015\/06\/IMG_2643.jpg\"><img decoding=\"async\" src=\"http:\/\/dolinaraby.pl\/klon2024\/wp-content\/uploads\/2015\/06\/IMG_2643.jpg\" alt=\"\" title=\"IMG_2643\"><\/a><a class=\"penci-gallery-ite item-gallery-justified\" href=\"http:\/\/dolinaraby.pl\/klon2024\/wp-content\/uploads\/2015\/06\/IMG_2649.jpg\"><img decoding=\"async\" src=\"http:\/\/dolinaraby.pl\/klon2024\/wp-content\/uploads\/2015\/06\/IMG_2649.jpg\" alt=\"\" title=\"IMG_2649\"><\/a><a class=\"penci-gallery-ite item-gallery-justified\" href=\"http:\/\/dolinaraby.pl\/klon2024\/wp-content\/uploads\/2015\/06\/IMG_2690.jpg\"><img decoding=\"async\" src=\"http:\/\/dolinaraby.pl\/klon2024\/wp-content\/uploads\/2015\/06\/IMG_2690.jpg\" alt=\"\" title=\"IMG_2690\"><\/a><a class=\"penci-gallery-ite item-gallery-justified\" href=\"http:\/\/dolinaraby.pl\/klon2024\/wp-content\/uploads\/2015\/06\/IMG_2691.jpg\"><img decoding=\"async\" src=\"http:\/\/dolinaraby.pl\/klon2024\/wp-content\/uploads\/2015\/06\/IMG_2691.jpg\" alt=\"\" title=\"IMG_2691\"><\/a><\/div>\n","protected":false},"excerpt":{"rendered":"<p>W dniu 13 czerwca 2015 r. odby\u0142 si\u0119 pokaz kulinarny \u2013 przygotowanie potrawy tradycyjnej \u201eRoso\u0142u polskiego wed\u0142ug Stanis\u0142awa Czernieckiego\u201d i degustacja. Panie z Ko\u0142a Gospody\u0144 Wiejskich z Olchawy, reprezentuj\u0105ce Stowarzyszenie LGD \u201eDolina Raby\u201d poprowadzi\u0142y warsztaty kulinarne, podczas kt\u00f3rych pokaza\u0142y jak przyrz\u0105dza si\u0119 Ros\u00f3\u0142 polski, podawany ju\u017c w XVII w. na Zamku Kmit\u00f3w i Lubomirskich w Wi\u015bniczu, wpisany na list\u0119 produkt\u00f3w tradycyjnych Ministerstwa Rolnictwa i Rozwoju Wsi.<\/p>\n","protected":false},"author":1,"featured_media":5455,"comment_status":"open","ping_status":"open","sticky":false,"template":"","format":"standard","meta":{"_monsterinsights_skip_tracking":false,"_monsterinsights_sitenote_active":false,"_monsterinsights_sitenote_note":"","_monsterinsights_sitenote_category":0,"ngg_post_thumbnail":0,"footnotes":""},"categories":[7],"tags":[],"class_list":["post-5451","post","type-post","status-publish","format-standard","has-post-thumbnail","hentry","category-aktualnosci"],"_links":{"self":[{"href":"http:\/\/dolinaraby.pl\/klon2024\/wp-json\/wp\/v2\/posts\/5451","targetHints":{"allow":["GET"]}}],"collection":[{"href":"http:\/\/dolinaraby.pl\/klon2024\/wp-json\/wp\/v2\/posts"}],"about":[{"href":"http:\/\/dolinaraby.pl\/klon2024\/wp-json\/wp\/v2\/types\/post"}],"author":[{"embeddable":true,"href":"http:\/\/dolinaraby.pl\/klon2024\/wp-json\/wp\/v2\/users\/1"}],"replies":[{"embeddable":true,"href":"http:\/\/dolinaraby.pl\/klon2024\/wp-json\/wp\/v2\/comments?post=5451"}],"version-history":[{"count":3,"href":"http:\/\/dolinaraby.pl\/klon2024\/wp-json\/wp\/v2\/posts\/5451\/revisions"}],"predecessor-version":[{"id":5463,"href":"http:\/\/dolinaraby.pl\/klon2024\/wp-json\/wp\/v2\/posts\/5451\/revisions\/5463"}],"wp:featuredmedia":[{"embeddable":true,"href":"http:\/\/dolinaraby.pl\/klon2024\/wp-json\/wp\/v2\/media\/5455"}],"wp:attachment":[{"href":"http:\/\/dolinaraby.pl\/klon2024\/wp-json\/wp\/v2\/media?parent=5451"}],"wp:term":[{"taxonomy":"category","embeddable":true,"href":"http:\/\/dolinaraby.pl\/klon2024\/wp-json\/wp\/v2\/categories?post=5451"},{"taxonomy":"post_tag","embeddable":true,"href":"http:\/\/dolinaraby.pl\/klon2024\/wp-json\/wp\/v2\/tags?post=5451"}],"curies":[{"name":"wp","href":"https:\/\/api.w.org\/{rel}","templated":true}]}}