{"id":5577,"date":"2015-07-07T14:07:28","date_gmt":"2015-07-07T12:07:28","guid":{"rendered":"http:\/\/dolinaraby.pl\/?p=5577"},"modified":"2015-07-07T14:07:28","modified_gmt":"2015-07-07T12:07:28","slug":"rozstrzygniecie-konkursu-im-stanislawa-czernieckiego","status":"publish","type":"post","link":"http:\/\/dolinaraby.pl\/klon2024\/rozstrzygniecie-konkursu-im-stanislawa-czernieckiego\/","title":{"rendered":"Rozstrzygni\u0119cie konkursu im. Stanis\u0142awa Czernieckiego"},"content":{"rendered":"<p><strong>Podczas V Festiwalu Roso\u0142u rozstrzygni\u0119to konkurs im. Stanis\u0142awa Czernieckiego<\/strong> na najlepsz\u0105 publikacj\u0119 kulinarn\u0105 o lokalnych i regionalnych kulinariach w 2015 r.<\/p>\n<p>Jury konkursowe w sk\u0142adzie:<\/p>\n<p>Urszula Budzich-Tabor, Contact Point Europejskiej Sieci Obszar\u00f3w Wiejskich<br \/>\nJustyna Durzy\u0144ska, Dyrektor Departamentu Program\u00f3w Rozwoju Obszar\u00f3w Wiejskich Urz\u0119du Marsza\u0142kowskiego Wojew\u00f3dztwa Pomorskiego<br \/>\nBeata Jakie\u0142ek, Dyrektor Departamentu Dzia\u0142a\u0144 Delegowanych Agencji Restrukturyzacji i Modernizacji Rolnictwa<br \/>\nAnna Jop, nauczyciel gastronomii w Zespole Szk\u00f3\u0142 w D\u0105browicy,<br \/>\nKatarzyna J\u00f3rga, Prezes Zwi\u0105zku Stowarzysze\u0144 Wielkopolska Sie\u0107 LGD<br \/>\nJolanta Kamieniecka, Cz\u0142onek Zarz\u0105du Polskiej Izby Produktu Regionalnego i Lokalnego<br \/>\nRyszard Kami\u0144ski, Prezes Fundacji Forum Aktywizacji Obszar\u00f3w Wiejskich<br \/>\nMa\u0142gorzata Kramarz, Prezes Fundacji Idealna Gmina<\/p>\n<p>dokona\u0142o wyboru najlepszej publikacji z po\u015br\u00f3d 37 pozycji jakie wp\u0142yn\u0119\u0142y do konkursu. W pierwszej kolejno\u015bci wy\u0142oniono 5 najlepszych pozycji:<\/p>\n<p>1. Smak tradycji dziedzictwo kulinarne gminy Luzino.<\/p>\n<p>2. Polska kuchnia regionalna. Wyroby regionalne, dania z ro\u017cnych zak\u0105tk\u00f3w kraju, tradycje kulinanrne.<\/p>\n<p>3. Smaki Pogranicza Dziedzictwo Kulinarne Ziemi Radkowsko-Broumovsko-Polickiej<\/p>\n<p>4. Smaki Ziemi Brzozowskiej<\/p>\n<p>5. Smaki ziemi strzeli\u0144skiej<\/p>\n<p>Ostatecznie nagrod\u0119 w postaci pucharu Ministra Rolnictwa i Rozwoju Wsi otrzyma\u0142a ksi\u0105\u017cka <strong>\u201eSmak tradycji dziedzictwo kulinarne gminy Luzino\u201d<\/strong>. Wydawca: Gminna Biblioteka Publiczna w Luzinie im. Leona Roppla. Nagrod\u0119 odebra\u0142 W\u00f3jt Gminy Luzino oraz Kierownik Gminnej Biblioteki Publicznej.<\/p>\n<p>Zwyci\u0119zc\u0105 serdecznie gratulujemy. Wszystkie przes\u0142ane na konkurs pozycje b\u0119d\u0105 prezentowane w Muzeum Ksi\u0105\u017cki Kucharskiej i Kulinarnej im. Stanis\u0142awa Czernieckiego w Chrostowej.<\/p>\n<p>Wszystkie publikacje:<\/p>\n<table width=\"604\">\n<tbody>\n<tr>\n<td width=\"47\"><strong>Lp.<\/strong><\/td>\n<td width=\"356\"><strong>Nazwa<\/strong><\/td>\n<td width=\"201\"><strong>Wydawca\/Autor<\/strong><\/td>\n<\/tr>\n<tr>\n<td width=\"47\">1.<\/td>\n<td width=\"356\">Kuchnia \u015al\u0105ska<\/td>\n<td width=\"201\">Wydawnictwo ASTRUM Sp. Z o.o.\/ Barbara Jakimowicz-Klein<\/td>\n<\/tr>\n<tr>\n<td width=\"47\">2.<\/td>\n<td width=\"356\">Kuchnia G\u00f3ralska<\/td>\n<td width=\"201\">Wydawnictwo ASTRUM Sp. Z o.o.\/ Barbara Jakimowicz-Klein<\/td>\n<\/tr>\n<tr>\n<td width=\"47\">3.<\/td>\n<td width=\"356\">Kuchnia Wielkopolska<\/td>\n<td width=\"201\">Wydawnictwo ASTRUM Sp. Z o.o.\/ Barbara Jakimowicz-Klein<\/td>\n<\/tr>\n<tr>\n<td width=\"47\">4.<\/td>\n<td width=\"356\">Kuchnia Kresowa<\/td>\n<td width=\"201\">Wydawnictwo ASTRUM Sp. Z o.o.\/ Barbara Jakimowicz-Klein<\/td>\n<\/tr>\n<tr>\n<td width=\"47\">5.<\/td>\n<td width=\"356\">Tajniki kuchni tradycyjnej<\/td>\n<td width=\"201\">LGD \u201eOwocowy Szlak\u201d<\/td>\n<\/tr>\n<tr>\n<td width=\"47\">6.<\/td>\n<td width=\"356\">Kuchnia Dolnego \u015al\u0105ska<\/td>\n<td width=\"201\">Urz\u0105d Miasta i Gminy w Radkowie\/Barbara Jakimowicz-Klein<\/td>\n<\/tr>\n<tr>\n<td width=\"47\">7.<\/td>\n<td width=\"356\">Smaki Ziemi Brzozowskiej<\/td>\n<td width=\"201\">Arete Sp\u00f3\u0142ka z o.o.\/Stowarzyszenie LGD \u201eZiemia Brzosowska\u201d<\/td>\n<\/tr>\n<tr>\n<td width=\"47\">8.<\/td>\n<td width=\"356\">Specja\u0142y Kulinarne Ziemi Pyrzyckiej<\/td>\n<td width=\"201\">Stowarzyszenie LGD Ziemia Pyrzycka\/Ewa Hancz<\/td>\n<\/tr>\n<tr>\n<td width=\"47\">9.<\/td>\n<td width=\"356\">Potrawy tradycyjne z regionu G\u00f3r \u015awi\u0119tokrzyskich<\/td>\n<td width=\"201\">\u015awi\u0119tokrzyski O\u015brodek Doradztwa Rolniczego w Modliszewicach<\/td>\n<\/tr>\n<tr>\n<td width=\"47\">10.<\/td>\n<td width=\"356\">Smaki Radomki<\/td>\n<td width=\"201\">Stowarzyszenie LGD \u201eRazem Dla Radomki\u201d<\/td>\n<\/tr>\n<tr>\n<td width=\"47\">11.<\/td>\n<td width=\"356\">Przewodnik Kulinarny Produktu Tradycyjnego Papryki!<\/td>\n<td width=\"201\">Stowarzyszenie LGD \u201eRazem Dla Radomki\u201d<\/td>\n<\/tr>\n<tr>\n<td width=\"47\">12.<\/td>\n<td width=\"356\">Trzy Krainy Smaku Historia, udzie, Kuchnia Przewodnik<\/td>\n<td width=\"201\">LGD na Rzecz Rozwoju Gmin Powiatu Lubelskiego \u201eKraina wok\u00f3\u0142 Lublina\u201d\/Waldemar Sulisz<\/td>\n<\/tr>\n<tr>\n<td width=\"47\">13.<\/td>\n<td width=\"356\">Smakowity Produkt Lokalny Smaki Warmii i Mazur<\/td>\n<td width=\"201\">LGD Zwi\u0105zek Stowarzysze\u0144 \u201eKraina Drw\u0119cy i Pas\u0142\u0119ki\u201d\/Ryszard Bogucki<\/td>\n<\/tr>\n<tr>\n<td width=\"47\">14.<\/td>\n<td width=\"356\">Tradycyjna Kuchnia \u015al\u0105ska w Spichlerzu<\/td>\n<td width=\"201\">Fundacja LGD \u201eSpichlerz G\u00f3rnego \u015al\u0105ska\u201d<\/td>\n<\/tr>\n<tr>\n<td width=\"47\">15.<\/td>\n<td width=\"356\">\u015al\u0105ska spi\u017carnia O jodle, warzyniu, maszketach i inkuszym pichycyniu<\/td>\n<td width=\"201\">Fundacja LGD \u201eSpichlerz G\u00f3rnego \u015al\u0105ska\u201d\/ Joanna \u015awita\u0142a \u2013 Mastalerz, Dorota \u015awita\u0142a &#8211; Trybek<\/td>\n<\/tr>\n<tr>\n<td width=\"47\"><strong>16.<\/strong><\/td>\n<td width=\"356\"><strong>Smaki tradycji dziedzictwo kulinarne gminy Luzino<\/strong><\/td>\n<td width=\"201\"><strong>Gminna Biblioteka Publiczna im. Leona Roppla w Luzinie\/Maria Kro\u015bnicka<\/strong><\/td>\n<\/tr>\n<tr>\n<td width=\"47\">17.<\/td>\n<td width=\"356\">Produkty Tradycyjne w Powiecie Ni\u017ca\u0144skim<\/td>\n<td width=\"201\">LGD Stowarzyszenie \u201ePartnerstwo dla Ziemi Ni\u017ca\u0144skiej\u201d<\/td>\n<\/tr>\n<tr>\n<td width=\"47\">18.<\/td>\n<td width=\"356\">Kulinarne podr\u00f3\u017ce po Pojezierzu Drawskim<\/td>\n<td width=\"201\">LGD \u201ePartnerstwo Drawy\u201d<\/td>\n<\/tr>\n<tr>\n<td width=\"47\">19.<\/td>\n<td width=\"356\">Polska kuchnia regionalna<\/td>\n<td width=\"201\">Multico Oficyna Wydawnicz\/Maja Bisikiewicz, Joanna Jakubiak, Izabela Lenkiewicz, Gosia Molska, Paulina Zakrzewska<\/td>\n<\/tr>\n<tr>\n<td width=\"47\">20.<\/td>\n<td width=\"356\">Karolinka i kociewska grapa ksi\u0105\u017cka kucharska dla dzieci<\/td>\n<td width=\"201\">Stowarzyszenie Kociewskie Forum Kobiet\/ Praca zbiorowa pod redakcj\u0105 Krystyny Gierszewskiej<\/td>\n<\/tr>\n<tr>\n<td width=\"47\">21.<\/td>\n<td width=\"356\">Tradycyjne potrawy \u015al\u0105ska Opolskiego<\/td>\n<td width=\"201\">Pracownia Architektury Krajobrazu Magdalena Malik\/Lidia Schroll, Ireneusz Malik<\/td>\n<\/tr>\n<tr>\n<td width=\"47\">22.<\/td>\n<td width=\"356\">Kuchnia Tradycyjna z obszaru Opolszczyzny<\/td>\n<td width=\"201\">Pracownia Architektury Krajobrazu Magdalena Malik\/LGD \u201eKraina Dinozaur\u00f3w\u201d<\/td>\n<\/tr>\n<tr>\n<td width=\"47\">23.<\/td>\n<td width=\"356\">Lokalny przewodnik kulinarny Euro- Country<\/td>\n<td width=\"201\">Fundacja Euro-Country \u2013 Partnerstwo dla Zr\u00f3wnowa\u017conego Rozwoju Obszar\u00f3w Wiejskich<\/td>\n<\/tr>\n<tr>\n<td width=\"47\">24.<\/td>\n<td width=\"356\">Potrawy Regionalne R\u0119kodzie\u0142o<\/td>\n<td width=\"201\">LGD \u201eSejne\u0144szcyzna\u201d\/ Grzegorz \u0141ucznik, Karol Jachimowicz, Agnieszka Cewkowicz<\/td>\n<\/tr>\n<tr>\n<td width=\"47\">25.<\/td>\n<td width=\"356\">Ksi\u0105\u017cka Kucharska Tradycja, kt\u00f3ra zobowi\u0105zuje\u2026.<\/td>\n<td width=\"201\">Imagine Designe Group\/ LGD \u201eZielony Pier\u015bcien Tarnowa\u201d<\/td>\n<\/tr>\n<tr>\n<td width=\"47\">26.<\/td>\n<td width=\"356\">Dolno\u015bl\u0105skie Smaki<\/td>\n<td width=\"201\">Fundacja K\u0142odzka Wst\u0119ga Sudet\u00f3w Lokalna Grupa Dzia\u0142ania<\/p>\n<p>Stowarzyszenie LGD Qwsi<\/td>\n<\/tr>\n<tr>\n<td width=\"47\">27.<\/td>\n<td width=\"356\">Kopalnia Wielickich Smak\u00f3w<\/td>\n<td width=\"201\">Stowarzyszenie LGD \u201eWielicka Wie\u015b\u201d<\/td>\n<\/tr>\n<tr>\n<td width=\"47\">28.<\/td>\n<td width=\"356\">W kuchni Cieszy\u0144skiej Krainy<\/td>\n<td width=\"201\">Stowarzyszenie LGD \u201eCieszy\u0144ska Kraina\u201d<\/td>\n<\/tr>\n<tr>\n<td width=\"47\">29.<\/td>\n<td width=\"356\">Produkt lokalny od Wis\u0142y po Spisz<\/td>\n<td width=\"201\">mPress Maciej Mazur\/Nadwi\u015bla\u0144ska Grupa Dzia\u0142ania \u201eE.O.CENOMA\u201d, Stowarzyszenie Rozwoju Spisza i Okolic<\/td>\n<\/tr>\n<tr>\n<td width=\"47\">30.<\/td>\n<td width=\"356\">Ksi\u0105\u017cka kucharska Zielona Wielkopolska i Ziemia Sandomierska w tradycjach, obyczajach i kuchni<\/td>\n<td width=\"201\">LGD Lider Zielonej Wielkopolski<\/td>\n<\/tr>\n<tr>\n<td width=\"47\">31.<\/td>\n<td width=\"356\">Katalog Smak\u00f3w Na Granitowym Szlaku<\/td>\n<td width=\"201\">Vega Studio Ady Tomasz Muller, Stowarzyszenie LGD \u201eSzlakiem Grnitu\u201d<\/td>\n<\/tr>\n<tr>\n<td width=\"47\">32.<\/td>\n<td width=\"356\">Ksi\u0105\u017cka kucharska Ko\u0142o Gospody\u0144 Buczk\u00f3w, Ko\u0142o Gospody\u0144 Szczurowa<\/td>\n<td width=\"201\">Press Maciej Mazur\/Nadwi\u015bla\u0144ska Grupa Dzia\u0142ania \u201eE.O.CENOMA\u201d<\/td>\n<\/tr>\n<tr>\n<td width=\"47\">33.<\/td>\n<td width=\"356\">Dziedzictwo sto\u0142u \u2013 w\u0119dr\u00f3wki kulinarne po obszarze mazowieckich lokalnych grup dzia\u0142ania<\/td>\n<td width=\"201\">Sekretariat Regionalny KSOW w Wojew\u00f3dztwie Mazowieckim, LGD \u201ePrzyjazne Mazowsze\u201d\/ LGD \u201ePrzyjazne Mazowsze\u201d i Izabela Byszewska<\/td>\n<\/tr>\n<tr>\n<td width=\"47\">34.<\/td>\n<td width=\"356\">Tu Mazury Smakuj\u0105 Najlepiej<\/td>\n<td width=\"201\">Mazurska Akademia Smaku\/Eulalia Margota Paszkiewicz<\/td>\n<\/tr>\n<tr>\n<td width=\"47\">35.<\/td>\n<td width=\"356\">Przesz\u0142o\u015b\u0107 dla przysz\u0142o\u015bci wielokulturowo\u015b\u0107 kuchni Pomorza<\/td>\n<td width=\"201\"><\/td>\n<\/tr>\n<tr>\n<td width=\"47\">36.<\/td>\n<td width=\"356\">Smaki Pogranicza Dziedzictwo kulinarne ziemi Radkowsko- Broumovsko-Polickiej<\/td>\n<td width=\"201\">Barbara Jakimowicz-Klein<\/td>\n<\/tr>\n<tr>\n<td width=\"47\">37.<\/td>\n<td width=\"356\">Smaki ziemi strzeli\u0144skiej<\/td>\n<td width=\"201\">Starostwo Powiatowe w Strzelinie<\/td>\n<\/tr>\n<\/tbody>\n<\/table>\n<p>&nbsp;<\/p>\n<p><a href=\"http:\/\/dolinaraby.pl\/wp-content\/uploads\/2015\/07\/SAM_2650.jpg\" data-rel=\"penci-gallery-image-content\" ><img fetchpriority=\"high\" decoding=\"async\" class=\"alignleft size-medium wp-image-5578\" src=\"http:\/\/dolinaraby.pl\/wp-content\/uploads\/2015\/07\/SAM_2650-300x225.jpg\" alt=\"SAM_2650\" width=\"300\" height=\"225\" srcset=\"http:\/\/dolinaraby.pl\/klon2024\/wp-content\/uploads\/2015\/07\/SAM_2650-300x225.jpg 300w, http:\/\/dolinaraby.pl\/klon2024\/wp-content\/uploads\/2015\/07\/SAM_2650-1024x768.jpg 1024w, http:\/\/dolinaraby.pl\/klon2024\/wp-content\/uploads\/2015\/07\/SAM_2650-176x131.jpg 176w\" sizes=\"(max-width: 300px) 100vw, 300px\" \/><\/a> <a href=\"http:\/\/dolinaraby.pl\/wp-content\/uploads\/2015\/07\/SAM_2786.jpg\" data-rel=\"penci-gallery-image-content\" ><img decoding=\"async\" class=\"alignleft size-medium wp-image-5579\" src=\"http:\/\/dolinaraby.pl\/wp-content\/uploads\/2015\/07\/SAM_2786-300x225.jpg\" alt=\"SAM_2786\" width=\"300\" height=\"225\" srcset=\"http:\/\/dolinaraby.pl\/klon2024\/wp-content\/uploads\/2015\/07\/SAM_2786-300x225.jpg 300w, http:\/\/dolinaraby.pl\/klon2024\/wp-content\/uploads\/2015\/07\/SAM_2786-1024x768.jpg 1024w, http:\/\/dolinaraby.pl\/klon2024\/wp-content\/uploads\/2015\/07\/SAM_2786-176x131.jpg 176w\" sizes=\"(max-width: 300px) 100vw, 300px\" \/><\/a><\/p>\n<p>&nbsp;<\/p>\n<p>&nbsp;<\/p>\n<p>&nbsp;<\/p>\n","protected":false},"excerpt":{"rendered":"<p>Podczas V Festiwalu Roso\u0142u rozstrzygni\u0119to konkurs im. Stanis\u0142awa Czernieckiego na najlepsz\u0105 publikacj\u0119 kulinarn\u0105 o lokalnych i regionalnych kulinariach w 2015 r.<\/p>\n","protected":false},"author":1,"featured_media":5578,"comment_status":"open","ping_status":"open","sticky":false,"template":"","format":"standard","meta":{"_monsterinsights_skip_tracking":false,"_monsterinsights_sitenote_active":false,"_monsterinsights_sitenote_note":"","_monsterinsights_sitenote_category":0,"ngg_post_thumbnail":0,"footnotes":""},"categories":[7],"tags":[],"class_list":["post-5577","post","type-post","status-publish","format-standard","has-post-thumbnail","hentry","category-aktualnosci"],"_links":{"self":[{"href":"http:\/\/dolinaraby.pl\/klon2024\/wp-json\/wp\/v2\/posts\/5577","targetHints":{"allow":["GET"]}}],"collection":[{"href":"http:\/\/dolinaraby.pl\/klon2024\/wp-json\/wp\/v2\/posts"}],"about":[{"href":"http:\/\/dolinaraby.pl\/klon2024\/wp-json\/wp\/v2\/types\/post"}],"author":[{"embeddable":true,"href":"http:\/\/dolinaraby.pl\/klon2024\/wp-json\/wp\/v2\/users\/1"}],"replies":[{"embeddable":true,"href":"http:\/\/dolinaraby.pl\/klon2024\/wp-json\/wp\/v2\/comments?post=5577"}],"version-history":[{"count":1,"href":"http:\/\/dolinaraby.pl\/klon2024\/wp-json\/wp\/v2\/posts\/5577\/revisions"}],"predecessor-version":[{"id":5580,"href":"http:\/\/dolinaraby.pl\/klon2024\/wp-json\/wp\/v2\/posts\/5577\/revisions\/5580"}],"wp:featuredmedia":[{"embeddable":true,"href":"http:\/\/dolinaraby.pl\/klon2024\/wp-json\/wp\/v2\/media\/5578"}],"wp:attachment":[{"href":"http:\/\/dolinaraby.pl\/klon2024\/wp-json\/wp\/v2\/media?parent=5577"}],"wp:term":[{"taxonomy":"category","embeddable":true,"href":"http:\/\/dolinaraby.pl\/klon2024\/wp-json\/wp\/v2\/categories?post=5577"},{"taxonomy":"post_tag","embeddable":true,"href":"http:\/\/dolinaraby.pl\/klon2024\/wp-json\/wp\/v2\/tags?post=5577"}],"curies":[{"name":"wp","href":"https:\/\/api.w.org\/{rel}","templated":true}]}}