{"id":5620,"date":"2015-07-28T22:31:57","date_gmt":"2015-07-28T20:31:57","guid":{"rendered":"http:\/\/dolinaraby.pl\/?p=5620"},"modified":"2015-07-28T22:31:57","modified_gmt":"2015-07-28T20:31:57","slug":"pomoc-w-rozpoczeciu-dzialalnosci-gospodarczej-na-rzecz-mlodych-rolnikow","status":"publish","type":"post","link":"http:\/\/dolinaraby.pl\/klon2024\/pomoc-w-rozpoczeciu-dzialalnosci-gospodarczej-na-rzecz-mlodych-rolnikow\/","title":{"rendered":"\u201ePomoc w rozpocz\u0119ciu dzia\u0142alno\u015bci gospodarczej na rzecz m\u0142odych rolnik\u00f3w\u201d"},"content":{"rendered":"<p style=\"text-align: justify;\">Stawiamy na m\u0142odych &#8211; ARiMR og\u0142asza termin przyjmowania wniosk\u00f3w o przyznanie premii z PROW 2014 &#8211; 2020 m\u0142odym rolnikom.<\/p>\n<p style=\"text-align: justify;\">Od 20 sierpnia do 2 wrze\u015bnia m\u0142odzi rolnicy mog\u0105 sk\u0142ada\u0107 w biurach powiatowych ARiMR wnioski o przyznanie premii z PROW 2014 &#8211; 2020.<br \/>\nOd 20 sierpnia do 2 wrze\u015bnia 2015 r. b\u0119dzie mo\u017cna sk\u0142ada\u0107 wnioski o przyznanie wsparcia w ramach poddzia\u0142ania <strong>\u201ePomoc w rozpocz\u0119ciu dzia\u0142alno\u015bci gospodarczej na rzecz m\u0142odych rolnik\u00f3w\u201d<\/strong> finansowanego z Programu Rozwoju Obszar\u00f3w Wiejskich na lata 2014 &#8211; 2020. Termin ten oraz zasady ubiegania si\u0119 o takie premie poda\u0142 do publicznej wiadomo\u015bci Prezes ARiMR Andrzej Gross w dzienniku o zasi\u0119gu og\u00f3lnopolskim oraz na portalu internetowym Agencji. Og\u0142oszenie naboru wniosk\u00f3w by\u0142o mo\u017cliwe dzi\u0119ki wej\u015bciu w \u017cycie rozporz\u0105dzenia Ministra Rolnictwa i Rozwoju Wsi w sprawie pomocy dla m\u0142odych rolnik\u00f3w.<\/p>\n<p style=\"text-align: justify;\">Wnioski o przyznanie pomocy mo\u017cna sk\u0142ada\u0107 osobi\u015bcie lub przez upowa\u017cnion\u0105 osob\u0119, listem poleconym lub poczt\u0105 kuriersk\u0105 do kierownika biura powiatowego Agencji, w\u0142a\u015bciwego ze wzgl\u0119du na miejsce po\u0142o\u017cenia gospodarstwa.<\/p>\n<p style=\"text-align: justify;\">W ramach PROW 2014 &#8211; 2020 do rozdysponowania jest 718 mln euro.<\/p>\n<p style=\"text-align: justify;\">Premie dla m\u0142odych rolnik\u00f3w w nowym Programie Rozwoju Obszar\u00f3w Wiejskich na lata 2014-2020 b\u0119d\u0105 r\u00f3\u017cni\u0107 si\u0119 od tych ze &#8222;starego&#8221; PROW-u. Najwa\u017cniejsza zmiana polega na tym, \u017ce wsparcie b\u0119dzie przyznawane tylko tym wnioskodawcom, kt\u00f3rzy ju\u017c rozpocz\u0119li urz\u0105dzanie gospodarstwa rolnego i prowadzenie gospodarstwa rolnego jako kieruj\u0105cy rozpoczn\u0105 po z\u0142o\u017ceniu wniosku o premi\u0119.<\/p>\n<p><strong>O premie mo\u017ce si\u0119 stara\u0107 osoba, kt\u00f3ra:<\/strong><\/p>\n<p>ma nie wi\u0119cej ni\u017c 40 lat,<br \/>\nposiada odpowiednie kwalifikacje zawodowe,<br \/>\npo raz pierwszy rozpoczyna prowadzenie gospodarstwa rolnego jako kieruj\u0105cy gospodarstwem, co oznacza, \u017ce do dnia z\u0142o\u017cenia wniosku nie prowadzi\u0142a gospodarstwa rolnego jako kieruj\u0105cy,<br \/>\nsta\u0142a si\u0119 w\u0142a\u015bcicielem lub obj\u0119\u0142a w posiadanie gospodarstwo rolne przed dniem z\u0142o\u017cenia wniosku o przyznanie pomocy, lecz nie wcze\u015bniej ni\u017c na 12 miesi\u0119cy przed jego z\u0142o\u017ceniem.<br \/>\nM\u0142ody rolnik ma te\u017c trzy lata na uzupe\u0142nienie kwalifikacji zawodowych (wykszta\u0142cenia), liczone od dnia dor\u0119czenia decyzji o przyznaniu pomocy.<\/p>\n<p>Inne wymagania dotycz\u0105 wielko\u015bci ekonomicznej gospodarstwa (SO), kt\u00f3ra nie mo\u017ce by\u0107 mniejsza ni\u017c 13 tysi\u0119cy euro i nie wi\u0119ksza ni\u017c 150 tysi\u0119cy euro.<\/p>\n<p style=\"text-align: justify;\">Kolejny wym\u00f3g dotyczy powierzchni u\u017cytk\u00f3w rolnych w gospodarstwie rolnym. Musi by\u0107 ona co najmniej r\u00f3wna \u015bredniej krajowej, a w wojew\u00f3dztwach o \u015bredniej ni\u017cszej ni\u017c krajowa &#8211; \u015bredniej wojew\u00f3dzkiej i nie wi\u0119ksza ni\u017c 300 hektar\u00f3w. Przy czym okre\u015blony zosta\u0142 wym\u00f3g, \u017ce przynajmniej 70% minimalnej wielko\u015bci stanowi przedmiot w\u0142asno\u015bci beneficjenta, u\u017cytkowania wieczystego lub dzier\u017cawy z zasobu w\u0142asno\u015bci rolnej Skarbu Pa\u0144stwa lub jednostki samorz\u0105du terytorialnego (JST).<\/p>\n<p style=\"text-align: justify;\">Pomoc nie mo\u017ce zosta\u0107 przeznaczona na: ch\u00f3w drobiu (z wyj\u0105tkiem produkcji ekologicznej), prowadzenie plantacji ro\u015blin wieloletnich na cele energetyczne, prowadzenie niekt\u00f3rych dzia\u0142\u00f3w specjalnych produkcji rolnej.<\/p>\n<p style=\"text-align: justify;\">Ponadto beneficjent zobowi\u0105zany b\u0119dzie do prowadzenia uproszczonej rachunkowo\u015bci w gospodarstwie, a w wyniku realizacji biznesplanu warto\u015b\u0107 ekonomiczna gospodarstwa wzro\u015bnie co najmniej o 10%.<\/p>\n<p>Premia w wysoko\u015bci 100 tys. z\u0142otych b\u0119dzie wyp\u0142acana w dw\u00f3ch ratach:<\/p>\n<p>I &#8211; w wysoko\u015bci 80% &#8211; po spe\u0142nieniu przez beneficjenta, w terminie 9 miesi\u0119cy od dnia dor\u0119czenia decyzji o przyznaniu pomocy, warunk\u00f3w z zastrze\u017ceniem kt\u00f3rych zosta\u0142a wydana ww. decyzja;<\/p>\n<p>II &#8211; w wysoko\u015bci 20% &#8211; po realizacji biznesplanu.<\/p>\n<p>Premie dla m\u0142odych rolnik\u00f3w &#8211; dokumenty aplikacyjne<\/p>\n<p style=\"text-align: justify;\">Wiele os\u00f3b, kieruje do ARiMR pytania o to czy je\u017celi sk\u0142adali wnioski o dop\u0142aty bezpo\u015brednie, czy te\u017c ubiegali si\u0119 o przyznanie pomocy z dzia\u0142a\u0144 Programu Rozwoju Obszar\u00f3w Wiejskich na lata 2007 &#8211; 2013 lub maj\u0105 zarejestrowane na siebie zwierz\u0119 gospodarskie to czy mog\u0105 ubiega\u0107 si\u0119 o przyznanie premii m\u0142odym rolnikom w tegorocznym naborze. Uprzejmie informujemy, \u017ce w wymienionych wy\u017cej przypadkach taka osoba nie mo\u017ce otrzyma\u0107 pomocy na samodzielne rozpocz\u0119cie gospodarowania. Wynika to z tego, \u017ce z\u0142o\u017cenie wniosku o dop\u0142aty bezpo\u015brednie, czy te\u017c inny rodzaj wsparcia rozdzielanego przez ARiMR z bud\u017cetu UE lub bud\u017cetu krajowego lub posiadanie zwierz\u0119cia gospodarskiego, a tak\u017ce prowadzenie specjalnego dzia\u0142u produkcji rolnej traktowane jest jak prowadzenie gospodarstwa jako kieruj\u0105cy, a to wyklucza mo\u017cliwo\u015b\u0107 skorzystanie z premii dla m\u0142odego rolnika.<\/p>\n<p>1 z wy\u0142\u0105czeniem kredytu udzielanego na utworzenie nowego gospodarstwa<br \/>\n2 z wy\u0142\u0105czeniem przypadku gdy by\u0142a posiadaczem takich zwierz\u0105t w zwi\u0105zku z:<br \/>\na) prowadzeniem dzia\u0142alno\u015bci gospodarczej w zakresie obrotu tymi zwierz\u0119tami lub<br \/>\nb) urz\u0105dzaniem gospodarstwa nabytego w wyniku dziedziczenia, w kt\u00f3rym jest prowadzona dzia\u0142alno\u015b\u0107 w zakresie produkcji zwierz\u0119cej<br \/>\n3 z wy\u0142\u0105czeniem:<br \/>\na) nast\u0119puj\u0105cych dzia\u0142\u00f3w specjalnych:<br \/>\nchowu kur, kaczek, g\u0119si lub indyk\u00f3w, z wy\u0142\u0105czeniem produkcji ekologicznej;\u00a0prowadzenia plantacji ro\u015blin wieloletnich na cele energetyczne;\u00a0prowadzenia dzia\u0142\u00f3w specjalnych produkcji rolnej: hodowla zwierz\u0105t laboratoryjnych, hodowla ryb akwariowych, hodowla ps\u00f3w rasowych oraz hodowla kot\u00f3w rasowych;<br \/>\nb) hodowli i chowu koni hodowlanych poza gospodarstwem w liczbie nie wi\u0119kszej ni\u017c 2 sztuki,<br \/>\nc) przypadku prowadzenia dzia\u0142u specjalnego produkcji rolnej w zwi\u0105zku z urz\u0105dzaniem gospodarstwa nabytego w wyniku dziedziczenia.<\/p>\n<p>Tekst: DKS i MRiRW<br \/>\nZdj\u0119cie: Grzegorz Chylewski<\/p>\n<p><a href=\"http:\/\/www.arimr.gov.pl\/aktualnosci\/artykuly\/stawiamy-na-mlodych-wkrotce-arimr-oglosi-termin-przyjmowania-wnioskow-o-przyznanie-premii-z-pr.html\">Informacja na stronie ARiMR<\/a><\/p>\n<p>Wpisa\u0142: Patryk Paszkot<\/p>\n<p><a href=\"http:\/\/dolinaraby.pl\/wp-content\/uploads\/2015\/07\/A_mlodzi_rolnicy_2_2015_m.jpg\" data-rel=\"penci-gallery-image-content\" ><img fetchpriority=\"high\" decoding=\"async\" class=\"alignleft size-medium wp-image-5621\" src=\"http:\/\/dolinaraby.pl\/wp-content\/uploads\/2015\/07\/A_mlodzi_rolnicy_2_2015_m-300x199.jpg\" alt=\"A_mlodzi_rolnicy_2_2015_m\" width=\"300\" height=\"199\" srcset=\"http:\/\/dolinaraby.pl\/klon2024\/wp-content\/uploads\/2015\/07\/A_mlodzi_rolnicy_2_2015_m-300x199.jpg 300w, http:\/\/dolinaraby.pl\/klon2024\/wp-content\/uploads\/2015\/07\/A_mlodzi_rolnicy_2_2015_m.jpg 798w\" sizes=\"(max-width: 300px) 100vw, 300px\" \/><\/a><\/p>\n","protected":false},"excerpt":{"rendered":"<p>Stawiamy na m\u0142odych &#8211; ARiMR og\u0142asza termin przyjmowania wniosk\u00f3w o przyznanie premii z PROW 2014 &#8211; 2020 m\u0142odym rolnikom. <\/p>\n","protected":false},"author":1,"featured_media":5622,"comment_status":"open","ping_status":"open","sticky":false,"template":"","format":"standard","meta":{"_monsterinsights_skip_tracking":false,"_monsterinsights_sitenote_active":false,"_monsterinsights_sitenote_note":"","_monsterinsights_sitenote_category":0,"ngg_post_thumbnail":0,"footnotes":""},"categories":[7],"tags":[],"class_list":["post-5620","post","type-post","status-publish","format-standard","has-post-thumbnail","hentry","category-aktualnosci"],"_links":{"self":[{"href":"http:\/\/dolinaraby.pl\/klon2024\/wp-json\/wp\/v2\/posts\/5620","targetHints":{"allow":["GET"]}}],"collection":[{"href":"http:\/\/dolinaraby.pl\/klon2024\/wp-json\/wp\/v2\/posts"}],"about":[{"href":"http:\/\/dolinaraby.pl\/klon2024\/wp-json\/wp\/v2\/types\/post"}],"author":[{"embeddable":true,"href":"http:\/\/dolinaraby.pl\/klon2024\/wp-json\/wp\/v2\/users\/1"}],"replies":[{"embeddable":true,"href":"http:\/\/dolinaraby.pl\/klon2024\/wp-json\/wp\/v2\/comments?post=5620"}],"version-history":[{"count":2,"href":"http:\/\/dolinaraby.pl\/klon2024\/wp-json\/wp\/v2\/posts\/5620\/revisions"}],"predecessor-version":[{"id":5624,"href":"http:\/\/dolinaraby.pl\/klon2024\/wp-json\/wp\/v2\/posts\/5620\/revisions\/5624"}],"wp:featuredmedia":[{"embeddable":true,"href":"http:\/\/dolinaraby.pl\/klon2024\/wp-json\/wp\/v2\/media\/5622"}],"wp:attachment":[{"href":"http:\/\/dolinaraby.pl\/klon2024\/wp-json\/wp\/v2\/media?parent=5620"}],"wp:term":[{"taxonomy":"category","embeddable":true,"href":"http:\/\/dolinaraby.pl\/klon2024\/wp-json\/wp\/v2\/categories?post=5620"},{"taxonomy":"post_tag","embeddable":true,"href":"http:\/\/dolinaraby.pl\/klon2024\/wp-json\/wp\/v2\/tags?post=5620"}],"curies":[{"name":"wp","href":"https:\/\/api.w.org\/{rel}","templated":true}]}}