{"id":5625,"date":"2015-07-28T22:39:15","date_gmt":"2015-07-28T20:39:15","guid":{"rendered":"http:\/\/dolinaraby.pl\/?p=5625"},"modified":"2015-07-28T22:39:15","modified_gmt":"2015-07-28T20:39:15","slug":"jubileuszowy-koncert-skaldow-w-gdowie-z-transmisja-na-zywo-w-tvp2","status":"publish","type":"post","link":"http:\/\/dolinaraby.pl\/klon2024\/jubileuszowy-koncert-skaldow-w-gdowie-z-transmisja-na-zywo-w-tvp2\/","title":{"rendered":"Jubileuszowy koncert Skald\u00f3w w Gdowie z transmisj\u0105 na \u017cywo w TVP2!"},"content":{"rendered":"<p style=\"text-align: justify;\"><strong>W\u00a0niedziel\u0119 9 sierpnia na\u00a0gdowskim Zarabiu odb\u0119dzie si\u0119 koncert jubileuszowy z\u00a0udzia\u0142em najwi\u0119kszych artyst\u00f3w polskiej sceny muzycznej z\u00a0okazji 50-lecia dzia\u0142alno\u015bci SKALD\u00d3W. Benefisowy program pn.\u00a0\u201eOd wschodu do\u00a0zachodu s\u0142o\u0144ca \u2013 50 lat Skald\u00f3w\u201d b\u0119dzie przegl\u0105dem przeboj\u00f3w i\u00a0mniej znanych utwor\u00f3w z\u00a0repertuaru zespo\u0142u. Piosenkowy katalog formacji nie ma sobie r\u00f3wnych w\u00a0polskiej muzyce popularnej. Na\u00a0prze\u0142omie lat 60. i\u00a070.<\/strong><\/p>\n<p>&nbsp;<\/p>\n<p style=\"text-align: justify;\">Skaldowie zbierali liczne nagrody na\u00a0opolskich festiwalach. Z\u00a0niezwyk\u0142ym wyczuciem wprowadzali do\u00a0swojej tw\u00f3rczo\u015bci elementy muzyki g\u00f3ralskiej. Tworzyli na\u00a0potrzeby telewizji, teatru, filmu, a\u00a0nawet Festiwalu Piosenki \u017bo\u0142nierskiej w\u00a0Ko\u0142obrzegu.<\/p>\n<p style=\"text-align: justify;\">Sw\u00f3j udzia\u0142 w\u00a0wydarzeniu organizowanym w\u00a0Gdowie zapowiedzieli m.in.\u00a0Anna Maria Jopek, Maciej Male\u0144czuk, Natalia Kukulska, Muniek Staszczyk, Natalia Sikora, Ania Rusowicz, Natalia Nykiel, Justyna \u015awi\u0119s i\u00a0inni.<\/p>\n<p style=\"text-align: justify;\">Dwugodzinny koncert b\u0119dzie na\u00a0\u017cywo transmitowany przez Telewizj\u0119 Polsk\u0105. Rozpocz\u0119cie transmisji o\u00a0godz. 20:05 w\u00a0TVP2.<\/p>\n<p style=\"text-align: justify;\">Producentem koncertu jest Telewizja Polska, a\u00a0organizatorem imprezy s\u0105 Gmina Gd\u00f3w i\u00a0Centrum Kultury w\u00a0Gdowie.<br \/>\nWst\u0119p wolny.<\/p>\n<p style=\"text-align: justify;\">Wej\u015bcie b\u0142onia na\u00a0gdowskim Zarabiu od\u00a0godz. 18:00.<\/p>\n<p style=\"text-align: justify;\">Informacja ze strony: www.kbc24.pl<\/p>\n<p style=\"text-align: justify;\">Wpisa\u0142: <em>Patryk Paszkot<\/em><\/p>\n<p style=\"text-align: justify;\"><a href=\"http:\/\/dolinaraby.pl\/wp-content\/uploads\/2015\/07\/11722673_483499771828461_719573596447995538_o.jpg\" data-rel=\"penci-gallery-image-content\" ><img fetchpriority=\"high\" decoding=\"async\" class=\"alignleft size-medium wp-image-5626\" src=\"http:\/\/dolinaraby.pl\/wp-content\/uploads\/2015\/07\/11722673_483499771828461_719573596447995538_o-214x300.jpg\" alt=\"11722673_483499771828461_719573596447995538_o\" width=\"214\" height=\"300\" srcset=\"http:\/\/dolinaraby.pl\/klon2024\/wp-content\/uploads\/2015\/07\/11722673_483499771828461_719573596447995538_o-214x300.jpg 214w, http:\/\/dolinaraby.pl\/klon2024\/wp-content\/uploads\/2015\/07\/11722673_483499771828461_719573596447995538_o.jpg 686w\" sizes=\"(max-width: 214px) 100vw, 214px\" \/><\/a><\/p>\n","protected":false},"excerpt":{"rendered":"<p>W niedziel\u0119 9 sierpnia na gdowskim Zarabiu odb\u0119dzie si\u0119 koncert jubileuszowy z udzia\u0142em najwi\u0119kszych artyst\u00f3w polskiej sceny muzycznej z okazji 50-lecia dzia\u0142alno\u015bci SKALD\u00d3W. Benefisowy program pn. \u201eOd wschodu do zachodu s\u0142o\u0144ca \u2013 50 lat Skald\u00f3w\u201d b\u0119dzie przegl\u0105dem przeboj\u00f3w i mniej znanych utwor\u00f3w z repertuaru zespo\u0142u. Piosenkowy katalog formacji nie ma sobie r\u00f3wnych w polskiej muzyce popularnej. Na prze\u0142omie lat 60. i 70.<\/p>\n","protected":false},"author":1,"featured_media":5626,"comment_status":"open","ping_status":"open","sticky":false,"template":"","format":"standard","meta":{"_monsterinsights_skip_tracking":false,"_monsterinsights_sitenote_active":false,"_monsterinsights_sitenote_note":"","_monsterinsights_sitenote_category":0,"ngg_post_thumbnail":0,"footnotes":""},"categories":[7],"tags":[],"class_list":["post-5625","post","type-post","status-publish","format-standard","has-post-thumbnail","hentry","category-aktualnosci"],"_links":{"self":[{"href":"http:\/\/dolinaraby.pl\/klon2024\/wp-json\/wp\/v2\/posts\/5625","targetHints":{"allow":["GET"]}}],"collection":[{"href":"http:\/\/dolinaraby.pl\/klon2024\/wp-json\/wp\/v2\/posts"}],"about":[{"href":"http:\/\/dolinaraby.pl\/klon2024\/wp-json\/wp\/v2\/types\/post"}],"author":[{"embeddable":true,"href":"http:\/\/dolinaraby.pl\/klon2024\/wp-json\/wp\/v2\/users\/1"}],"replies":[{"embeddable":true,"href":"http:\/\/dolinaraby.pl\/klon2024\/wp-json\/wp\/v2\/comments?post=5625"}],"version-history":[{"count":1,"href":"http:\/\/dolinaraby.pl\/klon2024\/wp-json\/wp\/v2\/posts\/5625\/revisions"}],"predecessor-version":[{"id":5627,"href":"http:\/\/dolinaraby.pl\/klon2024\/wp-json\/wp\/v2\/posts\/5625\/revisions\/5627"}],"wp:featuredmedia":[{"embeddable":true,"href":"http:\/\/dolinaraby.pl\/klon2024\/wp-json\/wp\/v2\/media\/5626"}],"wp:attachment":[{"href":"http:\/\/dolinaraby.pl\/klon2024\/wp-json\/wp\/v2\/media?parent=5625"}],"wp:term":[{"taxonomy":"category","embeddable":true,"href":"http:\/\/dolinaraby.pl\/klon2024\/wp-json\/wp\/v2\/categories?post=5625"},{"taxonomy":"post_tag","embeddable":true,"href":"http:\/\/dolinaraby.pl\/klon2024\/wp-json\/wp\/v2\/tags?post=5625"}],"curies":[{"name":"wp","href":"https:\/\/api.w.org\/{rel}","templated":true}]}}