{"id":5628,"date":"2015-08-03T20:12:47","date_gmt":"2015-08-03T18:12:47","guid":{"rendered":"http:\/\/dolinaraby.pl\/?p=5628"},"modified":"2015-08-03T20:14:21","modified_gmt":"2015-08-03T18:14:21","slug":"vii-piknik-dojrzalego-lata-ze-smakiem-na-rowerze","status":"publish","type":"post","link":"http:\/\/dolinaraby.pl\/klon2024\/vii-piknik-dojrzalego-lata-ze-smakiem-na-rowerze\/","title":{"rendered":"VII Piknik Dojrza\u0142ego Lata \u201eZe Smakiem na Rowerze\u201d"},"content":{"rendered":"<p style=\"text-align: justify;\">Serdecznie zapraszamy na tegoroczny VII Piknik Dojrza\u0142ego Lata \u201eZe Smakiem na Rowerze\u201d w Lokalnej Informacji Turystycznej \u201eFrank\u00f3wka Ma\u0142a\u201d, kt\u00f3ry odb\u0119dzie si\u0119 w sobot\u0119 8 sierpnia 2015 roku. Tradycyjnie ju\u017c od godziny 15.00 zapraszamy ca\u0142e rodziny na plenerow\u0105 imprez\u0119, w ramach kt\u00f3rej przewidzieli\u015bmy mn\u00f3stwo atrakcji dla du\u017cych i ma\u0142ych. B\u0119d\u0105 animacje dla dzieci, konkursy tematyczne, pokaz tradycyjnego pieczenia chleba, WIELKIE RODZINNE OGNISKO i inne niespodzianki.<\/p>\n<p style=\"text-align: justify;\">Dodatkow\u0105 atrakcj\u0105 tegorocznej edycji b\u0119dzie RODZINNY RAJD ROWEROWY NA ORIENTACJ\u0118 \u015bladem Gry Internetowo-Terenowej (o grze mo\u017cna przeczyta\u0107 <a href=\"http:\/\/www.frankowka.pl\/gra\">www.frankowka.pl\/gra<\/a>). Rejestracja uczestnik\u00f3w (zespo\u0142\u00f3w)- w ka\u017cdym zespole minimum jedna osoba doros\u0142a &#8211;\u00a0 odbywa si\u0119 drog\u0105 mailow\u0105 <a href=\"mailto:info@frankowka.pl\">info@frankowka.pl<\/a> (lub na FB facebok.pl\/FrankwkaMala) oraz osobi\u015bcie w dzie\u0144 Rajdu o godzinie 10.30 we Frank\u00f3wce Ma\u0142ej, Cichawka 107, gm. \u0141apan\u00f3w. Przewidywany pocz\u0105tek Rajdu, godzina 11.30.<\/p>\n<p style=\"text-align: justify;\">Tegoroczny Piknik zosta\u0142 obj\u0119ty Honorowym Patronatem Starosty Boche\u0144skiego Ludwika W\u0119grzyna, kt\u00f3ry ufundowa\u0142 puchary i nagrody dla zwyci\u0119zc\u00f3w Rajdu.<\/p>\n<p>Materia\u0142 nades\u0142any przez frank\u00f3wka ma\u0142a.<\/p>\n<p>Wpisa\u0142: Patryk Paszkot<\/p>\n<p>&nbsp;<\/p>\n<p><a href=\"http:\/\/dolinaraby.pl\/wp-content\/uploads\/2015\/08\/VIIPDL-plakat-1.jpg\" data-rel=\"penci-gallery-image-content\" ><img fetchpriority=\"high\" decoding=\"async\" class=\"alignleft size-medium wp-image-5629\" src=\"http:\/\/dolinaraby.pl\/wp-content\/uploads\/2015\/08\/VIIPDL-plakat-1-300x213.jpg\" alt=\"VIIPDL plakat (1)\" width=\"300\" height=\"213\" srcset=\"http:\/\/dolinaraby.pl\/klon2024\/wp-content\/uploads\/2015\/08\/VIIPDL-plakat-1-300x213.jpg 300w, http:\/\/dolinaraby.pl\/klon2024\/wp-content\/uploads\/2015\/08\/VIIPDL-plakat-1-1024x726.jpg 1024w\" sizes=\"(max-width: 300px) 100vw, 300px\" \/><\/a><\/p>\n","protected":false},"excerpt":{"rendered":"<p>Serdecznie zapraszamy na tegoroczny VII Piknik Dojrza\u0142ego Lata \u201eZe Smakiem na Rowerze\u201d w Lokalnej Informacji Turystycznej \u201eFrank\u00f3wka Ma\u0142a\u201d, kt\u00f3ry odb\u0119dzie si\u0119 w sobot\u0119 8 sierpnia 2015 roku. Tradycyjnie ju\u017c od godziny 15.00 zapraszamy ca\u0142e rodziny na plenerow\u0105 imprez\u0119, w ramach kt\u00f3rej przewidzieli\u015bmy mn\u00f3stwo atrakcji dla du\u017cych i ma\u0142ych. B\u0119d\u0105 animacje dla dzieci, konkursy tematyczne, pokaz tradycyjnego pieczenia chleba, WIELKIE RODZINNE OGNISKO i inne niespodzianki.<\/p>\n","protected":false},"author":1,"featured_media":5630,"comment_status":"open","ping_status":"open","sticky":false,"template":"","format":"standard","meta":{"_monsterinsights_skip_tracking":false,"_monsterinsights_sitenote_active":false,"_monsterinsights_sitenote_note":"","_monsterinsights_sitenote_category":0,"ngg_post_thumbnail":0,"footnotes":""},"categories":[7],"tags":[],"class_list":["post-5628","post","type-post","status-publish","format-standard","has-post-thumbnail","hentry","category-aktualnosci"],"_links":{"self":[{"href":"http:\/\/dolinaraby.pl\/klon2024\/wp-json\/wp\/v2\/posts\/5628","targetHints":{"allow":["GET"]}}],"collection":[{"href":"http:\/\/dolinaraby.pl\/klon2024\/wp-json\/wp\/v2\/posts"}],"about":[{"href":"http:\/\/dolinaraby.pl\/klon2024\/wp-json\/wp\/v2\/types\/post"}],"author":[{"embeddable":true,"href":"http:\/\/dolinaraby.pl\/klon2024\/wp-json\/wp\/v2\/users\/1"}],"replies":[{"embeddable":true,"href":"http:\/\/dolinaraby.pl\/klon2024\/wp-json\/wp\/v2\/comments?post=5628"}],"version-history":[{"count":3,"href":"http:\/\/dolinaraby.pl\/klon2024\/wp-json\/wp\/v2\/posts\/5628\/revisions"}],"predecessor-version":[{"id":5633,"href":"http:\/\/dolinaraby.pl\/klon2024\/wp-json\/wp\/v2\/posts\/5628\/revisions\/5633"}],"wp:featuredmedia":[{"embeddable":true,"href":"http:\/\/dolinaraby.pl\/klon2024\/wp-json\/wp\/v2\/media\/5630"}],"wp:attachment":[{"href":"http:\/\/dolinaraby.pl\/klon2024\/wp-json\/wp\/v2\/media?parent=5628"}],"wp:term":[{"taxonomy":"category","embeddable":true,"href":"http:\/\/dolinaraby.pl\/klon2024\/wp-json\/wp\/v2\/categories?post=5628"},{"taxonomy":"post_tag","embeddable":true,"href":"http:\/\/dolinaraby.pl\/klon2024\/wp-json\/wp\/v2\/tags?post=5628"}],"curies":[{"name":"wp","href":"https:\/\/api.w.org\/{rel}","templated":true}]}}