{"id":5684,"date":"2015-08-26T09:58:24","date_gmt":"2015-08-26T07:58:24","guid":{"rendered":"http:\/\/dolinaraby.pl\/?p=5684"},"modified":"2015-08-31T19:30:56","modified_gmt":"2015-08-31T17:30:56","slug":"5684","status":"publish","type":"post","link":"http:\/\/dolinaraby.pl\/klon2024\/5684\/","title":{"rendered":"Najbli\u017csze spotkania z mieszka\u0144cami&#8230;"},"content":{"rendered":"<p>&nbsp;<\/p>\n<p>Najbli\u017csze spotkania z mieszka\u0144cami w celu konsultacji i wypracowania nowej Lokalnej Strategii Rozwoju odb\u0119d\u0105 si\u0119 w Biskupicach 1.09.2015 oraz \u017begocinie 2.09.2015 r. Szczeg\u00f3\u0142y na plakatach. Serdecznie zapraszamy!<\/p>\n<p><a href=\"http:\/\/dolinaraby.pl\/wp-content\/uploads\/2015\/08\/Plakat-biskupice.jpg\" data-rel=\"penci-gallery-image-content\" ><img fetchpriority=\"high\" decoding=\"async\" class=\"alignleft size-medium wp-image-5685\" src=\"http:\/\/dolinaraby.pl\/wp-content\/uploads\/2015\/08\/Plakat-biskupice-212x300.jpg\" alt=\"Plakat biskupice\" width=\"212\" height=\"300\" srcset=\"http:\/\/dolinaraby.pl\/klon2024\/wp-content\/uploads\/2015\/08\/Plakat-biskupice-212x300.jpg 212w, http:\/\/dolinaraby.pl\/klon2024\/wp-content\/uploads\/2015\/08\/Plakat-biskupice-723x1024.jpg 723w, http:\/\/dolinaraby.pl\/klon2024\/wp-content\/uploads\/2015\/08\/Plakat-biskupice.jpg 924w\" sizes=\"(max-width: 212px) 100vw, 212px\" \/><\/a> <a href=\"http:\/\/dolinaraby.pl\/wp-content\/uploads\/2015\/08\/Plakat-\u017begocina.jpg\" data-rel=\"penci-gallery-image-content\" ><img decoding=\"async\" class=\"alignleft size-medium wp-image-5686\" src=\"http:\/\/dolinaraby.pl\/wp-content\/uploads\/2015\/08\/Plakat-\u017begocina-217x300.jpg\" alt=\"Plakat \u017begocina\" width=\"217\" height=\"300\" srcset=\"http:\/\/dolinaraby.pl\/klon2024\/wp-content\/uploads\/2015\/08\/Plakat-\u017begocina-217x300.jpg 217w, http:\/\/dolinaraby.pl\/klon2024\/wp-content\/uploads\/2015\/08\/Plakat-\u017begocina-742x1024.jpg 742w, http:\/\/dolinaraby.pl\/klon2024\/wp-content\/uploads\/2015\/08\/Plakat-\u017begocina.jpg 1208w\" sizes=\"(max-width: 217px) 100vw, 217px\" \/><\/a><\/p>\n","protected":false},"excerpt":{"rendered":"<p>Najbli\u017csze spotkania z mieszka\u0144cami w celu konsultacji i wypracowania nowej Lokalnej Strategii Rozwoju odb\u0119d\u0105 si\u0119 w Biskupicach 1.09.2015 oraz \u017begocinie 2.09.2015 r. Szczeg\u00f3\u0142y na plakatach. Serdecznie zapraszamy!<\/p>\n","protected":false},"author":1,"featured_media":5687,"comment_status":"open","ping_status":"open","sticky":false,"template":"","format":"standard","meta":{"_monsterinsights_skip_tracking":false,"_monsterinsights_sitenote_active":false,"_monsterinsights_sitenote_note":"","_monsterinsights_sitenote_category":0,"ngg_post_thumbnail":0,"footnotes":""},"categories":[7],"tags":[],"class_list":["post-5684","post","type-post","status-publish","format-standard","has-post-thumbnail","hentry","category-aktualnosci"],"_links":{"self":[{"href":"http:\/\/dolinaraby.pl\/klon2024\/wp-json\/wp\/v2\/posts\/5684","targetHints":{"allow":["GET"]}}],"collection":[{"href":"http:\/\/dolinaraby.pl\/klon2024\/wp-json\/wp\/v2\/posts"}],"about":[{"href":"http:\/\/dolinaraby.pl\/klon2024\/wp-json\/wp\/v2\/types\/post"}],"author":[{"embeddable":true,"href":"http:\/\/dolinaraby.pl\/klon2024\/wp-json\/wp\/v2\/users\/1"}],"replies":[{"embeddable":true,"href":"http:\/\/dolinaraby.pl\/klon2024\/wp-json\/wp\/v2\/comments?post=5684"}],"version-history":[{"count":2,"href":"http:\/\/dolinaraby.pl\/klon2024\/wp-json\/wp\/v2\/posts\/5684\/revisions"}],"predecessor-version":[{"id":5701,"href":"http:\/\/dolinaraby.pl\/klon2024\/wp-json\/wp\/v2\/posts\/5684\/revisions\/5701"}],"wp:featuredmedia":[{"embeddable":true,"href":"http:\/\/dolinaraby.pl\/klon2024\/wp-json\/wp\/v2\/media\/5687"}],"wp:attachment":[{"href":"http:\/\/dolinaraby.pl\/klon2024\/wp-json\/wp\/v2\/media?parent=5684"}],"wp:term":[{"taxonomy":"category","embeddable":true,"href":"http:\/\/dolinaraby.pl\/klon2024\/wp-json\/wp\/v2\/categories?post=5684"},{"taxonomy":"post_tag","embeddable":true,"href":"http:\/\/dolinaraby.pl\/klon2024\/wp-json\/wp\/v2\/tags?post=5684"}],"curies":[{"name":"wp","href":"https:\/\/api.w.org\/{rel}","templated":true}]}}