{"id":5690,"date":"2015-08-28T13:10:00","date_gmt":"2015-08-28T11:10:00","guid":{"rendered":"http:\/\/dolinaraby.pl\/?p=5690"},"modified":"2015-08-28T13:18:31","modified_gmt":"2015-08-28T11:18:31","slug":"weekend-z-zabytkami-powiatu-bochenskiego","status":"publish","type":"post","link":"http:\/\/dolinaraby.pl\/klon2024\/weekend-z-zabytkami-powiatu-bochenskiego\/","title":{"rendered":"Weekend z zabytkami Powiatu Boche\u0144skiego, udost\u0119pniamy Muzeum Ksi\u0105\u017cki Kucharskiej"},"content":{"rendered":"<p style=\"text-align: justify;\">Starostwo Powiatowe w Bochni w dniach 5 i 6 wrze\u015bnia br. organizuje &#8222;Weekend z zabytkami Powiatu Boche\u0144skiego&#8221;. Wydarzenie to przybra\u0142o ju\u017c charakter cykliczny, a jego ide\u0105 jest udost\u0119pnienie mieszka\u0144com i turystom najciekawszych obiekt\u00f3w i miejsc znajduj\u0105cych si\u0119 na terenie Powiatu. S\u0105 to miejsca na co dzie\u0144 niedost\u0119pne, b\u0105d\u017a takie kt\u00f3rych zwiedzanie wi\u0105\u017ce si\u0119 z op\u0142atami. Dzi\u0119ki uprzejmo\u015bci wielu os\u00f3b zarz\u0105dzaj\u0105cych instytucjami kultury, chcemy przybli\u017cy\u0107 zwiedzaj\u0105cym pi\u0119kno Ziemi Boche\u0144skiej.<\/p>\n<p style=\"text-align: justify;\"><span style=\"color: #993300;\"><strong>Podczas tego weekendu b\u0119dzie mo\u017cna zwiedza\u0107 Muzeum Ksi\u0105\u017cki Kucharskiej i Kulinarnej im. Stanis\u0142awa Czernieckiego przy LGD &#8222;Dolina Raby&#8221; mieszcz\u0105ce si\u0119 w budynku warsztat\u00f3w gastronomicznych przy ZS w D\u0105browicy (Chrostowa 1B). 5.09 w godz. 10:00-14:00 o godz. 11:00 warsztaty kulinarne oraz 6.09 w godz. 14:00 &#8211; 18:00 warsztaty kulinarne o godz. 15:00.<\/strong><\/span><\/p>\n<p style=\"text-align: justify;\">Wst\u0119p do muze\u00f3w i zwiedzanie zabytk\u00f3w b\u0119dzie darmowe! Jedynym wyj\u0105tkiem jest Kopalnia Soli w Bochni, gdzie ustalony zosta\u0142 50% rabat na zjazdy.<\/p>\n<p style=\"text-align: justify;\">Jest to doskona\u0142a okazja by mieszka\u0144com i turystom przypomnie\u0107, \u017ce Powiat Boche\u0144ski to nie tylko solny gr\u00f3d, z najstarsz\u0105 kopalni\u0105 soli, ale wiele innych ciekawych miejsc o fascynuj\u0105cej historii i wspania\u0142ych zabytkach!<\/p>\n<p style=\"text-align: justify;\">Na turyst\u00f3w i mieszka\u0144c\u00f3w czeka wiele niecodziennych atrakcji. Min. Rajd Rowerowy, prelekcje i warsztaty rodzinne dotycz\u0105ce dziedzictwa regionalnego i historycznego boche\u0144szczyzny oraz warsztaty kulinarne.<\/p>\n<p>UWAGA KONKURS!!!<\/p>\n<p style=\"text-align: justify;\">Odwied\u017a wszystkie miejsca na weekendowej mapie, zabierz potwierdzenie i zg\u0142o\u015b si\u0119 podczas niedzielnego koncertu a otrzymasz nagrod\u0119! Nagrody otrzyma pierwsze 10 os\u00f3b! Do wygrania m.in. vochery: do strefy SPA, na zabiegi rehabilitacyjne, na pyszne jedzenie, na kr\u0119gle, na basen i fitness.<\/p>\n<p style=\"text-align: justify;\">Weekend z zabytkami ju\u017c po raz drugi obywa si\u0119 w ramach Europejskich Dni Dziedzictwa, kt\u00f3rego tematem b\u0119dzie &#8222;Utracone Dziedzictwo&#8221;. Szczeg\u00f3\u0142owe informacje o EDD znajduj\u0105 si\u0119 http:\/\/edd.nid.pl\/<\/p>\n<p style=\"text-align: justify;\">Patronat honorowy nad wydarzeniem obj\u0105\u0142 Marsza\u0142ek Wojew\u00f3dztwa Ma\u0142opolskiego Marek Sowa, natomiast patronat medialny: TVP Krak\u00f3w, Radio Krak\u00f3w, Kronika Boche\u0144ska, Portal mojabochnia.pl i bochnianin.pl.<\/p>\n<p style=\"text-align: justify;\">Sponsorzy: Uzdrowisko Kopalnia Soli Bochnia, CKH &amp; SPA NOWA BOCHNIA, Studnio Ta\u0144ca AGATA, Bistro BOGO Bar, Kryta P\u0142ywalnia w Bochni, Karczma na Wodzie w Kr\u00f3l\u00f3wce, Hotel Kasztel.<\/p>\n<p style=\"text-align: justify;\">Poni\u017cej przedstawimy udost\u0119pnione obiekty i atrakcje, a tak\u017ce link do mapy z zaznaczonymi obiektami oraz map\u0119 https:\/\/www.google.com\/maps\/d\/viewer?usp=sharing&amp;mid=z4AB1shMyOIQ.kgNr33BvwW-U<\/p>\n<p style=\"text-align: justify;\">Szczeg\u00f3\u0142owy program zwiedzania znajduje si\u0119 na stronie www.zabytki.powiatbochenski.pl<br \/>\noraz https:\/\/www.facebook.com\/events\/482720915235393\/<\/p>\n<p>Z powa\u017caniem<br \/>\nKatarzyna K\u0119pa-Hamuda<br \/>\nWydzia\u0142 O\u015bwiaty, Promocji i Aktywno\u015bci Spo\u0142ecznej<br \/>\nStarostwo Powiatowe w Bochni<br \/>\ntel. 14 615 3706<\/p>\n<p><a href=\"http:\/\/dolinaraby.pl\/wp-content\/uploads\/2015\/08\/plakat-weekend-z-zabytkami-2015-.jpg\" data-rel=\"penci-gallery-image-content\" ><img fetchpriority=\"high\" decoding=\"async\" class=\"alignleft size-medium wp-image-5691\" src=\"http:\/\/dolinaraby.pl\/wp-content\/uploads\/2015\/08\/plakat-weekend-z-zabytkami-2015--212x300.jpg\" alt=\"plakat weekend z zabytkami 2015\" width=\"212\" height=\"300\" srcset=\"http:\/\/dolinaraby.pl\/klon2024\/wp-content\/uploads\/2015\/08\/plakat-weekend-z-zabytkami-2015--212x300.jpg 212w, http:\/\/dolinaraby.pl\/klon2024\/wp-content\/uploads\/2015\/08\/plakat-weekend-z-zabytkami-2015--724x1024.jpg 724w, http:\/\/dolinaraby.pl\/klon2024\/wp-content\/uploads\/2015\/08\/plakat-weekend-z-zabytkami-2015-.jpg 1861w\" sizes=\"(max-width: 212px) 100vw, 212px\" \/><\/a><\/p>\n","protected":false},"excerpt":{"rendered":"<p>Starostwo Powiatowe w Bochni w dniach 5 i 6 wrze\u015bnia br. organizuje &#8222;Weekend z zabytkami Powiatu Boche\u0144skiego&#8221;. Wydarzenie to przybra\u0142o ju\u017c charakter cykliczny, a jego ide\u0105 jest udost\u0119pnienie mieszka\u0144com i turystom najciekawszych obiekt\u00f3w i miejsc znajduj\u0105cych si\u0119 na terenie Powiatu. S\u0105 to miejsca na co dzie\u0144 niedost\u0119pne, b\u0105d\u017a takie kt\u00f3rych zwiedzanie wi\u0105\u017ce si\u0119 z op\u0142atami. Dzi\u0119ki uprzejmo\u015bci wielu os\u00f3b zarz\u0105dzaj\u0105cych instytucjami kultury, chcemy przybli\u017cy\u0107 zwiedzaj\u0105cym pi\u0119kno Ziemi Boche\u0144skiej.<\/p>\n","protected":false},"author":1,"featured_media":5693,"comment_status":"open","ping_status":"open","sticky":false,"template":"","format":"standard","meta":{"_monsterinsights_skip_tracking":false,"_monsterinsights_sitenote_active":false,"_monsterinsights_sitenote_note":"","_monsterinsights_sitenote_category":0,"ngg_post_thumbnail":0,"footnotes":""},"categories":[7],"tags":[],"class_list":["post-5690","post","type-post","status-publish","format-standard","has-post-thumbnail","hentry","category-aktualnosci"],"_links":{"self":[{"href":"http:\/\/dolinaraby.pl\/klon2024\/wp-json\/wp\/v2\/posts\/5690","targetHints":{"allow":["GET"]}}],"collection":[{"href":"http:\/\/dolinaraby.pl\/klon2024\/wp-json\/wp\/v2\/posts"}],"about":[{"href":"http:\/\/dolinaraby.pl\/klon2024\/wp-json\/wp\/v2\/types\/post"}],"author":[{"embeddable":true,"href":"http:\/\/dolinaraby.pl\/klon2024\/wp-json\/wp\/v2\/users\/1"}],"replies":[{"embeddable":true,"href":"http:\/\/dolinaraby.pl\/klon2024\/wp-json\/wp\/v2\/comments?post=5690"}],"version-history":[{"count":4,"href":"http:\/\/dolinaraby.pl\/klon2024\/wp-json\/wp\/v2\/posts\/5690\/revisions"}],"predecessor-version":[{"id":5696,"href":"http:\/\/dolinaraby.pl\/klon2024\/wp-json\/wp\/v2\/posts\/5690\/revisions\/5696"}],"wp:featuredmedia":[{"embeddable":true,"href":"http:\/\/dolinaraby.pl\/klon2024\/wp-json\/wp\/v2\/media\/5693"}],"wp:attachment":[{"href":"http:\/\/dolinaraby.pl\/klon2024\/wp-json\/wp\/v2\/media?parent=5690"}],"wp:term":[{"taxonomy":"category","embeddable":true,"href":"http:\/\/dolinaraby.pl\/klon2024\/wp-json\/wp\/v2\/categories?post=5690"},{"taxonomy":"post_tag","embeddable":true,"href":"http:\/\/dolinaraby.pl\/klon2024\/wp-json\/wp\/v2\/tags?post=5690"}],"curies":[{"name":"wp","href":"https:\/\/api.w.org\/{rel}","templated":true}]}}