{"id":5707,"date":"2015-09-02T12:40:58","date_gmt":"2015-09-02T10:40:58","guid":{"rendered":"http:\/\/dolinaraby.pl\/?p=5707"},"modified":"2015-09-02T12:41:34","modified_gmt":"2015-09-02T10:41:34","slug":"muzyczne-zakonczenie-weekendu-z-zabytkami-powiatu-bochenskiego","status":"publish","type":"post","link":"http:\/\/dolinaraby.pl\/klon2024\/muzyczne-zakonczenie-weekendu-z-zabytkami-powiatu-bochenskiego\/","title":{"rendered":"Muzyczne zako\u0144czenie Weekendu z zabytkami Powiatu Boche\u0144skiego"},"content":{"rendered":"<p style=\"text-align: justify;\">Ju\u017c w najbli\u017csz\u0105 niedziel\u0119 zapraszamy na muzyczne zako\u0144czenie Weekendu z zabytkami Powiatu Boche\u0144skiego. Na Rynku w Bochni wyst\u0105pi boche\u0144ski duet PiS oraz wschodz\u0105ca gwiazda SARSA. Odb\u0119dzie si\u0119 tak\u017ce piknik smak\u00f3w i r\u0119kodzie\u0142a lokalnych artyst\u00f3w. Na odwiedzaj\u0105cych b\u0119d\u0105 czeka\u0107 stoiska z pysznymi lokalnymi przysmakami, pi\u0119knymi haftami czy te\u017c unikaln\u0105 bi\u017cuteri\u0105. Rozstrzygni\u0119ty zostanie te\u017c konkurs dla najaktywniejszych turyst\u00f3w tej edycji, a o godzinie 18 rozpocznie si\u0119 cz\u0119\u015b\u0107 koncertowa. Serdecznie zapraszamy!!!<\/p>\n<p style=\"text-align: justify;\"><strong><span style=\"color: #993300;\">Podczas imprezy odb\u0119dzie si\u0119 kiermasz produkt\u00f3w lokalnych i r\u0119kodzie\u0142a z terenu LGD &#8222;Dolina Raby&#8221; posiadajacych znak jako\u015bci &#8222;KOGUTEK&#8221; m.in:<\/span><\/strong><\/p>\n<ul>\n<li style=\"text-align: justify;\"><strong><span style=\"color: #993300;\">Pracownia stroj\u00f3w ludowych i stylizowanych HEN-HAFT<\/span><\/strong><\/li>\n<li style=\"text-align: justify;\"><strong><span style=\"color: #993300;\">Firma &#8222;Jasio&#8221; zabawki z drewna\u00a0<\/span><\/strong><\/li>\n<li style=\"text-align: justify;\"><strong><span style=\"color: #993300;\">Pracownia ceramiczna &#8222;Marco&#8221;<\/span><\/strong><\/li>\n<li style=\"text-align: justify;\"><strong><span style=\"color: #993300;\">Centrum Kultury Turystyki i Sportu w \u017begocinie &#8211; r\u0119kodzie\u0142o regionalne\u00a0<\/span><\/strong><\/li>\n<li style=\"text-align: justify;\"><strong><span style=\"color: #993300;\">Gospodarstwo pasieczne &#8222;Beskidzka Bar\u0107&#8221;<\/span><\/strong><\/li>\n<li style=\"text-align: justify;\"><strong><span style=\"color: #993300;\">Cukiernia Tradycyjna J\u00f3zef K\u0119pa<\/span><\/strong><\/li>\n<\/ul>\n<p>&nbsp;<\/p>\n<p style=\"text-align: justify;\">Duet PiS zesp\u00f3\u0142 tworz\u0105 Piotr Lekki-gitarzysta, kompozytor, realizator d\u017awi\u0119ku w studio nagra\u0144 &#8222;Kwart&#8221; i Robert &#8222;Sier\u015bciu&#8221; Mastalerz-wokalista zespo\u0142u &#8222;4szmery&#8221;.<\/p>\n<p style=\"text-align: justify;\">Piotr Lekki wsp\u00f3\u0142pracowa\u0142 w latach 90-tych z takimi wykonawcami jak Janusz Radek ( zesp\u00f3\u0142 &#8222;Obcy&#8221;) Bogdan \u0141yszkiewicz ( Ch\u0142opcy z placu broni) i Pawe\u0142 M\u0105ciwoda ( OZ,TSA,SCORPIONS).<\/p>\n<p style=\"text-align: justify;\">Duet &#8222;PiS&#8221; ( Piotrek i Siersciu ) powsta\u0142 spontanicznie podczas jednej z edycji festiwalu &#8222;Rock autostrada&#8221;. Mia\u0142a miejsce awaria sprz\u0119tu i Piotr, kt\u00f3ry by\u0142 jurorem aby wype\u0142ni\u0107 czas zagra\u0142 na gitarze &#8222;Wish you were here&#8221; Pink Floyd a Sier\u015bciu kt\u00f3ry by\u0142 konferansjerem za\u015bpiewa\u0142 ..i tak sie zacz\u0119\u0142o.<\/p>\n<p style=\"text-align: justify;\">Aktualnie zesp\u00f3\u0142 ma za sob\u0105 ponad 150 koncert\u00f3w i wyst\u0119py w klubach u boku zespo\u0142\u00f3w &#8222;D\u017cem&#8221;, &#8222;Cree&#8221;,&#8221;Stirwater&#8221;. Wykonujemy akustyczne wersje najwi\u0119kszych rockowych przeboj\u00f3w Led Zeppelin, Deep purple, Whitesnake, INXS, Rainbow, Bon Jovi, Def Leppard i wielu innych klasyk\u00f3w muzyki rockowej.<\/p>\n<p style=\"text-align: justify;\">Sarsa Markiewicz- wokalistka, kompozytorka, autorka tekst\u00f3w, gra na ukulele, gitarze i instrumentach klawiszowych, laureatka wielu konkurs\u00f3w muzycznych. Uczestniczka programu The Voice of Poland, w oryginalnym stylu dosta\u0142a si\u0119 do program\u00f3w na \u017cywo razem z dru\u017cyn\u0105 Tomsona i Barona z Afromental.<br \/>\nUdzia\u0142 w wielu projektach muzycznych pozwoli\u0142 jej wykszta\u0142ci\u0107 indywidualny styl szlachetnego, tanecznego popu. Sarsa wywodzi si\u0119 z muzyki alternatywnej &#8211; zaczyna\u0142a z zespo\u0142em graj\u0105cym alternatywnego rocka: FLUKTUA.Pasj\u0119 muzyczn\u0105 \u0142\u0105czy ze swoim wykszta\u0142ceniem i prac\u0105 zawodow\u0105 muzykoterapeuty.<\/p>\n<p style=\"text-align: justify;\"><a href=\"http:\/\/dolinaraby.pl\/wp-content\/uploads\/2015\/09\/PLAKAT-KONCERTU-WEEKEND-Z-ZABYTKAMI-2015-page-001.jpg\" data-rel=\"penci-gallery-image-content\" ><img fetchpriority=\"high\" decoding=\"async\" class=\"alignleft size-medium wp-image-5708\" src=\"http:\/\/dolinaraby.pl\/wp-content\/uploads\/2015\/09\/PLAKAT-KONCERTU-WEEKEND-Z-ZABYTKAMI-2015-page-001-212x300.jpg\" alt=\"PLAKAT KONCERTU WEEKEND Z ZABYTKAMI 2015-page-001\" width=\"212\" height=\"300\" srcset=\"http:\/\/dolinaraby.pl\/klon2024\/wp-content\/uploads\/2015\/09\/PLAKAT-KONCERTU-WEEKEND-Z-ZABYTKAMI-2015-page-001-212x300.jpg 212w, http:\/\/dolinaraby.pl\/klon2024\/wp-content\/uploads\/2015\/09\/PLAKAT-KONCERTU-WEEKEND-Z-ZABYTKAMI-2015-page-001-724x1024.jpg 724w\" sizes=\"(max-width: 212px) 100vw, 212px\" \/><\/a><\/p>\n","protected":false},"excerpt":{"rendered":"<p>Ju\u017c w najbli\u017csz\u0105 niedziel\u0119 zapraszamy na muzyczne zako\u0144czenie Weekendu z zabytkami Powiatu Boche\u0144skiego. Na Rynku w Bochni wyst\u0105pi boche\u0144ski duet PiS oraz wschodz\u0105ca gwiazda SARSA. Odb\u0119dzie si\u0119 tak\u017ce piknik smak\u00f3w i r\u0119kodzie\u0142a lokalnych artyst\u00f3w. Na odwiedzaj\u0105cych b\u0119d\u0105 czeka\u0107 stoiska z pysznymi lokalnymi przysmakami, pi\u0119knymi haftami czy te\u017c unikaln\u0105 bi\u017cuteri\u0105. Rozstrzygni\u0119ty zostanie te\u017c konkurs dla najaktywniejszych turyst\u00f3w tej edycji, a o godzinie 18 rozpocznie si\u0119 cz\u0119\u015b\u0107 koncertowa. Serdecznie zapraszamy!!!<\/p>\n","protected":false},"author":1,"featured_media":5709,"comment_status":"open","ping_status":"open","sticky":false,"template":"","format":"standard","meta":{"_monsterinsights_skip_tracking":false,"_monsterinsights_sitenote_active":false,"_monsterinsights_sitenote_note":"","_monsterinsights_sitenote_category":0,"ngg_post_thumbnail":0,"footnotes":""},"categories":[7],"tags":[],"class_list":["post-5707","post","type-post","status-publish","format-standard","has-post-thumbnail","hentry","category-aktualnosci"],"_links":{"self":[{"href":"http:\/\/dolinaraby.pl\/klon2024\/wp-json\/wp\/v2\/posts\/5707","targetHints":{"allow":["GET"]}}],"collection":[{"href":"http:\/\/dolinaraby.pl\/klon2024\/wp-json\/wp\/v2\/posts"}],"about":[{"href":"http:\/\/dolinaraby.pl\/klon2024\/wp-json\/wp\/v2\/types\/post"}],"author":[{"embeddable":true,"href":"http:\/\/dolinaraby.pl\/klon2024\/wp-json\/wp\/v2\/users\/1"}],"replies":[{"embeddable":true,"href":"http:\/\/dolinaraby.pl\/klon2024\/wp-json\/wp\/v2\/comments?post=5707"}],"version-history":[{"count":2,"href":"http:\/\/dolinaraby.pl\/klon2024\/wp-json\/wp\/v2\/posts\/5707\/revisions"}],"predecessor-version":[{"id":5711,"href":"http:\/\/dolinaraby.pl\/klon2024\/wp-json\/wp\/v2\/posts\/5707\/revisions\/5711"}],"wp:featuredmedia":[{"embeddable":true,"href":"http:\/\/dolinaraby.pl\/klon2024\/wp-json\/wp\/v2\/media\/5709"}],"wp:attachment":[{"href":"http:\/\/dolinaraby.pl\/klon2024\/wp-json\/wp\/v2\/media?parent=5707"}],"wp:term":[{"taxonomy":"category","embeddable":true,"href":"http:\/\/dolinaraby.pl\/klon2024\/wp-json\/wp\/v2\/categories?post=5707"},{"taxonomy":"post_tag","embeddable":true,"href":"http:\/\/dolinaraby.pl\/klon2024\/wp-json\/wp\/v2\/tags?post=5707"}],"curies":[{"name":"wp","href":"https:\/\/api.w.org\/{rel}","templated":true}]}}