{"id":5717,"date":"2015-09-08T10:51:31","date_gmt":"2015-09-08T08:51:31","guid":{"rendered":"http:\/\/dolinaraby.pl\/?p=5717"},"modified":"2015-09-08T10:51:31","modified_gmt":"2015-09-08T08:51:31","slug":"spotkanie-z-fundacja-im-tadeusza-kantora","status":"publish","type":"post","link":"http:\/\/dolinaraby.pl\/klon2024\/spotkanie-z-fundacja-im-tadeusza-kantora\/","title":{"rendered":"Spotkanie z Fundacj\u0105 im. Tadeusza Kantora"},"content":{"rendered":"<p style=\"text-align: justify;\">W dniu 4.09.2015 r. Prezes LGD \u201eDolina Raby\u201d Krzysztof Kwatera spotka\u0142 si\u0119 w Warszawie z przedstawicielami Fundacji imienia Tadeusza Kantora. By\u0142y dwie osoby &#8211; Pan Lech Stangret &#8211; Dyrektor Fundacji oraz Pan Antoni Burzy\u0144ski. Poza remontem budynku domu Tadeusza Kantora w Hucisku s\u0105 szanse na wi\u0119ksz\u0105 wsp\u00f3\u0142prac\u0119. Obiekt w Hucisku nie jest otwarty dla publiczno\u015bci i w\u0142a\u015bciwie Fundacji nie ma jeszcze zakre\u015blonego planu na dzia\u0142alno\u015b\u0107 w tym miejscu. Generalnie s\u0105 jakie\u015b plany. Prezes LGD um\u00f3wi\u0142 si\u0119 na spotkanie w obiekcie w drugiej po\u0142owie pa\u017adziernika &#8211; dotyczy\u0142oby celu czy raczej przedsi\u0119wzi\u0119cia zwi\u0105zanego z dziedzictwem kulturowym. Chce zaprosi\u0107 innych partner\u00f3w zainteresowanych tym zagadnieniem.<\/p>\n<p>T. Kantor to osoba wa\u017cna, szczeg\u00f3lnie dla \u015brodowiska teatralnego, nagrodzona w wielu krajach. Ogromna szansa na promocj\u0119 obszaru LGD i rozw\u00f3j naszej dzia\u0142alno\u015bci, nie tylko w sferze kultury, ale np. pracy z m\u0142odzie\u017c\u0105.<\/p>\n<p><a href=\"http:\/\/wiadomosci.onet.pl\/krakow\/niszczeje-dom-kantora-w-hucisku\/6vqfre\">Informacja w Onet.pl o problemie remontu domu w Hucisku.<\/a><\/p>\n<p><a href=\"http:\/\/dolinaraby.pl\/wp-content\/uploads\/2015\/09\/dom-kantora.jpg\" data-rel=\"penci-gallery-image-content\" ><img fetchpriority=\"high\" decoding=\"async\" class=\"alignleft size-medium wp-image-5718\" src=\"http:\/\/dolinaraby.pl\/wp-content\/uploads\/2015\/09\/dom-kantora-300x169.jpg\" alt=\"dom kantora\" width=\"300\" height=\"169\" srcset=\"http:\/\/dolinaraby.pl\/klon2024\/wp-content\/uploads\/2015\/09\/dom-kantora-300x169.jpg 300w, http:\/\/dolinaraby.pl\/klon2024\/wp-content\/uploads\/2015\/09\/dom-kantora.jpg 788w\" sizes=\"(max-width: 300px) 100vw, 300px\" \/><\/a><\/p>\n","protected":false},"excerpt":{"rendered":"<p>W dniu 4.09.2015 r. Prezes LGD \u201eDolina Raby\u201d Krzysztof Kwatera spotka\u0142 si\u0119 w Warszawie z przedstawicielami Fundacji imienia Tadeusza Kantora. <\/p>\n","protected":false},"author":1,"featured_media":5718,"comment_status":"open","ping_status":"open","sticky":false,"template":"","format":"standard","meta":{"_monsterinsights_skip_tracking":false,"_monsterinsights_sitenote_active":false,"_monsterinsights_sitenote_note":"","_monsterinsights_sitenote_category":0,"ngg_post_thumbnail":0,"footnotes":""},"categories":[7],"tags":[],"class_list":["post-5717","post","type-post","status-publish","format-standard","has-post-thumbnail","hentry","category-aktualnosci"],"_links":{"self":[{"href":"http:\/\/dolinaraby.pl\/klon2024\/wp-json\/wp\/v2\/posts\/5717","targetHints":{"allow":["GET"]}}],"collection":[{"href":"http:\/\/dolinaraby.pl\/klon2024\/wp-json\/wp\/v2\/posts"}],"about":[{"href":"http:\/\/dolinaraby.pl\/klon2024\/wp-json\/wp\/v2\/types\/post"}],"author":[{"embeddable":true,"href":"http:\/\/dolinaraby.pl\/klon2024\/wp-json\/wp\/v2\/users\/1"}],"replies":[{"embeddable":true,"href":"http:\/\/dolinaraby.pl\/klon2024\/wp-json\/wp\/v2\/comments?post=5717"}],"version-history":[{"count":1,"href":"http:\/\/dolinaraby.pl\/klon2024\/wp-json\/wp\/v2\/posts\/5717\/revisions"}],"predecessor-version":[{"id":5719,"href":"http:\/\/dolinaraby.pl\/klon2024\/wp-json\/wp\/v2\/posts\/5717\/revisions\/5719"}],"wp:featuredmedia":[{"embeddable":true,"href":"http:\/\/dolinaraby.pl\/klon2024\/wp-json\/wp\/v2\/media\/5718"}],"wp:attachment":[{"href":"http:\/\/dolinaraby.pl\/klon2024\/wp-json\/wp\/v2\/media?parent=5717"}],"wp:term":[{"taxonomy":"category","embeddable":true,"href":"http:\/\/dolinaraby.pl\/klon2024\/wp-json\/wp\/v2\/categories?post=5717"},{"taxonomy":"post_tag","embeddable":true,"href":"http:\/\/dolinaraby.pl\/klon2024\/wp-json\/wp\/v2\/tags?post=5717"}],"curies":[{"name":"wp","href":"https:\/\/api.w.org\/{rel}","templated":true}]}}