{"id":5746,"date":"2015-09-22T10:51:10","date_gmt":"2015-09-22T08:51:10","guid":{"rendered":"http:\/\/dolinaraby.pl\/?p=5746"},"modified":"2015-09-27T17:25:36","modified_gmt":"2015-09-27T15:25:36","slug":"nasi-wystawcy-na-imprezie-w-bochni","status":"publish","type":"post","link":"http:\/\/dolinaraby.pl\/klon2024\/nasi-wystawcy-na-imprezie-w-bochni\/","title":{"rendered":"Nasi wystawcy na imprezie w Bochni"},"content":{"rendered":"<p><span style=\"font-size: 12pt;\">P<\/span>odczas imprezy fina\u0142owej weekendu z zabytkami Powiatu Boche\u0144skiego na boche\u0144skim rynku w niedziel\u0119 6 wrze\u015bnia 2015 r. licznie zaprezentowali si\u0119 wystawcy posiadaj\u0105cy Znak Jako\u015bci LGD &#8222;Dolina Raby&#8221; KOGUTEK. Byli nimi:<\/p>\n<ol>\n<li>Pracownia Ceramiczna &#8222;Marco&#8221; z Nowego Wi\u015bnicza<\/li>\n<li>Jan Tyndel &#8211; produkcja zabawek z drewna \u0141\u0105kta G\u00f3rna<\/li>\n<li>Centrum Kultury Turystyki i Sportu w \u017begocinie &#8211; r\u0119kodzie\u0142o ludowe i artystyczne<\/li>\n<li>Cukiernia J\u00f3zef K\u0119pa z \u017begociny<\/li>\n<li>Gospodarstwo Pasieczne &#8222;Beskidzka Bar\u0107&#8221; z Tarnawy<\/li>\n<\/ol>\n<p>Wszystkim wystawcom serdecznie dzi\u0119kujemy za udzia\u0142!<\/p>\n<div data-sliderid=\"34255\" id=\"penci-post-gallery__34255\" class=\"penci-post-gallery-container justified column-3\" data-height=\"150\" data-margin=\"3\"><a class=\"penci-gallery-ite item-gallery-justified\" href=\"http:\/\/dolinaraby.pl\/klon2024\/wp-content\/uploads\/2015\/09\/011.jpg\"><img decoding=\"async\" src=\"http:\/\/dolinaraby.pl\/klon2024\/wp-content\/uploads\/2015\/09\/011.jpg\" alt=\"\" title=\"011\"><\/a><a class=\"penci-gallery-ite item-gallery-justified\" href=\"http:\/\/dolinaraby.pl\/klon2024\/wp-content\/uploads\/2015\/09\/012.jpg\"><img decoding=\"async\" src=\"http:\/\/dolinaraby.pl\/klon2024\/wp-content\/uploads\/2015\/09\/012.jpg\" alt=\"\" title=\"012\"><\/a><a class=\"penci-gallery-ite item-gallery-justified\" href=\"http:\/\/dolinaraby.pl\/klon2024\/wp-content\/uploads\/2015\/09\/017.jpg\"><img decoding=\"async\" src=\"http:\/\/dolinaraby.pl\/klon2024\/wp-content\/uploads\/2015\/09\/017.jpg\" alt=\"\" title=\"017\"><\/a><a class=\"penci-gallery-ite item-gallery-justified\" href=\"http:\/\/dolinaraby.pl\/klon2024\/wp-content\/uploads\/2015\/09\/019.jpg\"><img decoding=\"async\" src=\"http:\/\/dolinaraby.pl\/klon2024\/wp-content\/uploads\/2015\/09\/019.jpg\" alt=\"\" title=\"019\"><\/a><a class=\"penci-gallery-ite item-gallery-justified\" href=\"http:\/\/dolinaraby.pl\/klon2024\/wp-content\/uploads\/2015\/09\/020.jpg\"><img decoding=\"async\" src=\"http:\/\/dolinaraby.pl\/klon2024\/wp-content\/uploads\/2015\/09\/020.jpg\" alt=\"\" title=\"020\"><\/a><a class=\"penci-gallery-ite item-gallery-justified\" href=\"http:\/\/dolinaraby.pl\/klon2024\/wp-content\/uploads\/2015\/09\/021.jpg\"><img decoding=\"async\" src=\"http:\/\/dolinaraby.pl\/klon2024\/wp-content\/uploads\/2015\/09\/021.jpg\" alt=\"\" title=\"021\"><\/a><\/div>\n","protected":false},"excerpt":{"rendered":"<p>Podczas imprezy fina\u0142owej weekendu z zabytkami Powiatu Boche\u0144skiego na boche\u0144skim rynku w niedziel\u0119 6 wrze\u015bnia 2015 r. licznie zaprezentowali si\u0119 wystawcy posiadaj\u0105cy Znak Jako\u015bci LGD &#8222;Dolina Raby&#8221; KOGUTEK. Byli nimi:<\/p>\n","protected":false},"author":1,"featured_media":5747,"comment_status":"open","ping_status":"open","sticky":false,"template":"","format":"standard","meta":{"_monsterinsights_skip_tracking":false,"_monsterinsights_sitenote_active":false,"_monsterinsights_sitenote_note":"","_monsterinsights_sitenote_category":0,"ngg_post_thumbnail":0,"footnotes":""},"categories":[7],"tags":[],"class_list":["post-5746","post","type-post","status-publish","format-standard","has-post-thumbnail","hentry","category-aktualnosci"],"_links":{"self":[{"href":"http:\/\/dolinaraby.pl\/klon2024\/wp-json\/wp\/v2\/posts\/5746","targetHints":{"allow":["GET"]}}],"collection":[{"href":"http:\/\/dolinaraby.pl\/klon2024\/wp-json\/wp\/v2\/posts"}],"about":[{"href":"http:\/\/dolinaraby.pl\/klon2024\/wp-json\/wp\/v2\/types\/post"}],"author":[{"embeddable":true,"href":"http:\/\/dolinaraby.pl\/klon2024\/wp-json\/wp\/v2\/users\/1"}],"replies":[{"embeddable":true,"href":"http:\/\/dolinaraby.pl\/klon2024\/wp-json\/wp\/v2\/comments?post=5746"}],"version-history":[{"count":3,"href":"http:\/\/dolinaraby.pl\/klon2024\/wp-json\/wp\/v2\/posts\/5746\/revisions"}],"predecessor-version":[{"id":5764,"href":"http:\/\/dolinaraby.pl\/klon2024\/wp-json\/wp\/v2\/posts\/5746\/revisions\/5764"}],"wp:featuredmedia":[{"embeddable":true,"href":"http:\/\/dolinaraby.pl\/klon2024\/wp-json\/wp\/v2\/media\/5747"}],"wp:attachment":[{"href":"http:\/\/dolinaraby.pl\/klon2024\/wp-json\/wp\/v2\/media?parent=5746"}],"wp:term":[{"taxonomy":"category","embeddable":true,"href":"http:\/\/dolinaraby.pl\/klon2024\/wp-json\/wp\/v2\/categories?post=5746"},{"taxonomy":"post_tag","embeddable":true,"href":"http:\/\/dolinaraby.pl\/klon2024\/wp-json\/wp\/v2\/tags?post=5746"}],"curies":[{"name":"wp","href":"https:\/\/api.w.org\/{rel}","templated":true}]}}