{"id":5767,"date":"2015-09-29T11:13:59","date_gmt":"2015-09-29T09:13:59","guid":{"rendered":"http:\/\/dolinaraby.pl\/?p=5767"},"modified":"2015-09-29T11:13:59","modified_gmt":"2015-09-29T09:13:59","slug":"zakrec-sie-za-energia-przewodnik-na-temat-odnawialnych-zrodel-energii","status":"publish","type":"post","link":"http:\/\/dolinaraby.pl\/klon2024\/zakrec-sie-za-energia-przewodnik-na-temat-odnawialnych-zrodel-energii\/","title":{"rendered":"&#8222;Zakr\u0119\u0107 si\u0119 za energi\u0105&#8221; przewodnik na temat Odnawialnych \u0179r\u00f3de\u0142 Energii"},"content":{"rendered":"<p style=\"text-align: justify; background: white;\"><span style=\"font-size: 8.5pt; font-family: 'Verdana','sans-serif'; color: #333333;\">W ramach projektu realizowanego przez\u00a0<strong><span style=\"font-family: 'Verdana','sans-serif';\">fundacj\u0119 \u201eZ\u0142ap Energi\u0119&#8221;, finansowanego z Funduszu Inicjatyw Obywatelskich FIO \u015al\u0105skie \u2013 Lokalnie<\/span><\/strong>, \u00a0przygotowali\u015bmy praktyczny przewodnik dla podmiot\u00f3w ekonomii spo\u0142ecznej w zakresie mo\u017cliwo\u015bci<span class=\"apple-converted-space\">\u00a0<\/span><strong><span style=\"font-family: 'Verdana','sans-serif';\">wykorzystania i finansowania<\/span><\/strong><span class=\"apple-converted-space\">\u00a0<\/span>odnawialnych \u017ar\u00f3de\u0142 energii (OZE). Zar\u00f3wno Pa\u0144stwo, jak i podmioty dzia\u0142aj\u0105ce na Pa\u0144stwa obszarze, s\u0105 w posiadaniu w\u0142asnych budynk\u00f3w, b\u0105d\u017a dzia\u0142ek, kt\u00f3re mog\u0105 zosta\u0107 wykorzystanie na cele produkcji energii ze \u017ar\u00f3de\u0142 odnawialnych w przysz\u0142o\u015bci. Obni\u017cenie (przy dobrym projekcie nawet do ZERA) rachunk\u00f3w za energi\u0119, poprawa jako\u015bci powietrza, czy zapewnienie organizacji dodatkowych \u017ar\u00f3de\u0142 przychod\u00f3w, to g\u0142\u00f3wne korzy\u015bci dla PES, ale r\u00f3wnie\u017c dla ka\u017cdego innego podmiotu, kt\u00f3ry b\u0119dzie si\u0119 ubiega\u0142 o dofinansowanie w ramach PROW za po\u015brednictwem LGD. Z kolei inwestycje w wi\u0119ksze \u017ar\u00f3d\u0142a OZE ni\u017c mikroinstalacje (pow. 40kW) wymagaj\u0105 nawet kilku miesi\u0119cy, b\u0105d\u017a lat przygotowa\u0144, gdy\u017c obowi\u0105zuj\u0105 okre\u015blone terminy urz\u0119dowe dla spraw zwi\u0105zanych z niezb\u0119dnymi umowami, decyzjami, porozumieniami, czy pozwoleniami. Przygotowania nale\u017cy rozpocz\u0105\u0107 zatem na d\u0142ugo przed realizacj\u0105. <\/span><\/p>\n<p style=\"text-align: justify; background: white;\"><span style=\"font-size: 8.5pt; font-family: 'Verdana','sans-serif'; color: #333333;\">Nasz przewodnik to pierwszy krok, kt\u00f3ry umo\u017cliwia zapoznanie si\u0119 z tematyk\u0105. Jest on<span class=\"apple-converted-space\">\u00a0<\/span><strong><span style=\"font-family: 'Verdana','sans-serif';\">formie artyku\u0142\u00f3w dost\u0119pnych on-line na<\/span><\/strong>stronie<span class=\"apple-converted-space\">\u00a0<\/span><a href=\"http:\/\/www.zlapenergie.org\/\" target=\"_blank\"><span style=\"color: #0186ba;\">www.zlapenergie.org<\/span><\/a>, w zak\u0142adce<span class=\"apple-converted-space\">\u00a0<\/span><strong><span style=\"font-family: 'Verdana','sans-serif';\">PROJEKTY<\/span><\/strong>, rozwijaj\u0105ce si\u0119 menu<span class=\"apple-converted-space\">\u00a0<\/span><strong><span style=\"font-family: 'Verdana','sans-serif';\">ZAKR\u0118\u0106 SI\u0118 ZA ENERGI\u0104.<\/span><\/strong><span class=\"apple-converted-space\">\u00a0<\/span>Interesuj\u0105ce tematy s\u0105 pogrupowane w kategorie widoczne po prawej stronie, a w\u015br\u00f3d nich mamy w\u0105tek LGD, LSR,<span class=\"apple-converted-space\">\u00a0<\/span><strong><u><span style=\"font-family: 'Verdana','sans-serif';\">gdzie zamieszczamy kilka propozycji dot. OZE zwi\u0105zanych z tworzonymi przez Pa\u0144stwa obecnie Lokalnymi Strategiami Rozwoju<\/span><\/u><\/strong><\/span><\/p>\n<p style=\"text-align: justify; background: white;\"><span style=\"font-size: 8.5pt; font-family: 'Verdana','sans-serif'; color: #333333;\">Bardzo prosimy o wej\u015bcie na stron\u0119 przewodnika, skorzystanie z artyku\u0142\u00f3w, kt\u00f3re s\u0105 dla Pa\u0144stwa interesuj\u0105ce. B\u0119dziemy r\u00f3wnie\u017c bardzo<span class=\"apple-converted-space\">\u00a0<\/span><strong><span style=\"font-family: 'Verdana','sans-serif';\">wdzi\u0119czni za komentarz i sugestie<\/span><\/strong>,<span class=\"apple-converted-space\"><b>\u00a0<\/b><\/span><strong><span style=\"font-family: 'Verdana','sans-serif';\">jakie tematy by\u0142yby dla Pa\u0144stwa interesuj\u0105ce w zakresie odnawialnych \u017ar\u00f3de\u0142 energii w kontek\u015bcie PROW<\/span><\/strong>. Ch\u0119tnie przygotujemy<span class=\"apple-converted-space\">\u00a0<\/span><strong><span style=\"font-family: 'Verdana','sans-serif';\">uzupe\u0142nienie naszego przewodnika o zaproponowane przez Pa\u0144stwa tematy<\/span><\/strong>. Po ich opracowaniu \u2013 prze\u015blemy do Pa\u0144stwa linka do danego artyku\u0142u.<\/span><\/p>\n<p style=\"orphans: auto; text-align: justify; widows: 1; -webkit-text-stroke-width: 0px; word-spacing: 0px; background: white;\"><span style=\"font-size: 8.5pt; font-family: 'Verdana','sans-serif'; color: #333333;\">W ramach kolejnych projekt\u00f3w chcieliby\u015bmy<span class=\"apple-converted-space\">\u00a0<\/span><strong><span style=\"font-family: 'Verdana','sans-serif';\">rozszerza\u0107 i uzupe\u0142nia\u0107 nasz przewodnik<\/span><\/strong><span class=\"apple-converted-space\">\u00a0<\/span>oraz dodawa\u0107 inne u\u017cyteczne narz\u0119dzia. B\u0119dziemy wdzi\u0119czni za wszelkie sugestie i propozycje interesuj\u0105cych Pa\u0144stwa aspekt\u00f3w rynku OZE, kt\u00f3re warto by\u0142oby szerzej opisa\u0107 i kt\u00f3re b\u0119d\u0105 szczeg\u00f3lnie u\u017cyteczne z punktu widzenia Pa\u0144stwa, jako LGD oraz Pa\u0144stwa beneficjent\u00f3w.<\/span><\/p>\n<p style=\"text-align: justify; background: white;\"><strong><span style=\"font-size: 8.5pt; font-family: 'Verdana','sans-serif'; color: #333333;\">Rok 2016 b\u0119dzie prze\u0142omowy, wchodzi w \u017cycie cz\u0119\u015b\u0107 ustawy OZE zwi\u0105zana z nowym systemem wsparcia, masowo ruszaj\u0105 programy unijne i krajowe.<\/span><\/strong><span class=\"apple-converted-space\"><span style=\"font-size: 8.5pt; font-family: 'Verdana','sans-serif'; color: #333333;\">\u00a0<\/span><\/span><strong><span style=\"font-size: 8.5pt; font-family: 'Verdana','sans-serif'; color: #333333;\">B\u0119dziemy z Pa\u0144stwem w tym czasie, poka\u017cemy, jak si\u0119 przygotowuje, realizuje i rozlicza projekty OZE oraz b\u0119dziemy na bie\u017c\u0105co dostarcza\u0107 danych, w oparciu o kt\u00f3re b\u0119dziecie Pa\u0144stwo mogli przygotowa\u0107 swoje plany \u201ezazielenienia&#8221; w\u0142asnych lokalnych mikrosystem\u00f3w energetycznych.<\/span><\/strong><\/p>\n<p style=\"text-align: justify; background: white;\">Adriana Waszak<br \/>\nFundacja \u201eZ\u0142ap Energi\u0119&#8221;<br \/>\nMob: +48 695 788 300<br \/>\nul. Odysei 29<br \/>\n43-300 Bielsko-Bia\u0142a<\/p>\n","protected":false},"excerpt":{"rendered":"<p>W ramach projektu realizowanego przez fundacj\u0119 \u201eZ\u0142ap Energi\u0119&#8221;, finansowanego z Funduszu Inicjatyw Obywatelskich FIO \u015al\u0105skie \u2013 Lokalnie,  przygotowali\u015bmy praktyczny przewodnik dla podmiot\u00f3w ekonomii spo\u0142ecznej w zakresie mo\u017cliwo\u015bci wykorzystania i finansowania odnawialnych \u017ar\u00f3de\u0142 energii (OZE).<\/p>\n","protected":false},"author":1,"featured_media":5769,"comment_status":"open","ping_status":"open","sticky":false,"template":"","format":"standard","meta":{"_monsterinsights_skip_tracking":false,"_monsterinsights_sitenote_active":false,"_monsterinsights_sitenote_note":"","_monsterinsights_sitenote_category":0,"ngg_post_thumbnail":0,"footnotes":""},"categories":[7],"tags":[],"class_list":["post-5767","post","type-post","status-publish","format-standard","has-post-thumbnail","hentry","category-aktualnosci"],"_links":{"self":[{"href":"http:\/\/dolinaraby.pl\/klon2024\/wp-json\/wp\/v2\/posts\/5767","targetHints":{"allow":["GET"]}}],"collection":[{"href":"http:\/\/dolinaraby.pl\/klon2024\/wp-json\/wp\/v2\/posts"}],"about":[{"href":"http:\/\/dolinaraby.pl\/klon2024\/wp-json\/wp\/v2\/types\/post"}],"author":[{"embeddable":true,"href":"http:\/\/dolinaraby.pl\/klon2024\/wp-json\/wp\/v2\/users\/1"}],"replies":[{"embeddable":true,"href":"http:\/\/dolinaraby.pl\/klon2024\/wp-json\/wp\/v2\/comments?post=5767"}],"version-history":[{"count":2,"href":"http:\/\/dolinaraby.pl\/klon2024\/wp-json\/wp\/v2\/posts\/5767\/revisions"}],"predecessor-version":[{"id":5771,"href":"http:\/\/dolinaraby.pl\/klon2024\/wp-json\/wp\/v2\/posts\/5767\/revisions\/5771"}],"wp:featuredmedia":[{"embeddable":true,"href":"http:\/\/dolinaraby.pl\/klon2024\/wp-json\/wp\/v2\/media\/5769"}],"wp:attachment":[{"href":"http:\/\/dolinaraby.pl\/klon2024\/wp-json\/wp\/v2\/media?parent=5767"}],"wp:term":[{"taxonomy":"category","embeddable":true,"href":"http:\/\/dolinaraby.pl\/klon2024\/wp-json\/wp\/v2\/categories?post=5767"},{"taxonomy":"post_tag","embeddable":true,"href":"http:\/\/dolinaraby.pl\/klon2024\/wp-json\/wp\/v2\/tags?post=5767"}],"curies":[{"name":"wp","href":"https:\/\/api.w.org\/{rel}","templated":true}]}}